{"id":37421,"date":"2023-03-03T05:09:12","date_gmt":"2023-03-03T05:09:12","guid":{"rendered":"http:\/\/fmdelpueblo.ar\/?p=37421"},"modified":"2023-03-03T05:09:12","modified_gmt":"2023-03-03T05:09:12","slug":"buscaron-el-impacto-publico-dijo-el-fiscal-que-investiga-el-ataque-al-supermercado-de-la-familia-roccuzzo","status":"publish","type":"post","link":"http:\/\/fmdelpueblo.ar\/?p=37421","title":{"rendered":"\u00abBuscaron el impacto p\u00fablico\u00bb, dijo el fiscal que investiga el ataque al supermercado de la familia Roccuzzo"},"content":{"rendered":"<\/p>\n<p>Federico R\u00e9bola descart\u00f3 que los agresores quisieran \u00abintimidar o exigir algo a la familia Roccuzzo\u00bb. Su principal objetivo, seg\u00fan el fiscal, habr\u00eda sido darle una dimensi\u00f3n p\u00fablica al violento ataque. <a href=\"https:\/\/www.perfil.com\/noticias\/policia\/buscaron-impacto-publico-dijo-fiscal-investiga-ataque-supermercado-familia-roccuzzo.phtml\">Leer m\u00e1s<\/a><\/p>\n","protected":false},"excerpt":{"rendered":"<p>Federico R\u00e9bola descart\u00f3 que los agresores quisieran \u00abintimidar o exigir algo a la familia Roccuzzo\u00bb. Su principal objetivo, seg\u00fan el fiscal, habr\u00eda sido darle una dimensi\u00f3n p\u00fablica al violento ataque. Leer m\u00e1s<\/p>\n","protected":false},"author":0,"featured_media":0,"comment_status":"","ping_status":"","sticky":false,"template":"","format":"standard","meta":{"footnotes":""},"categories":[1],"tags":[],"class_list":["post-37421","post","type-post","status-publish","format-standard","hentry","category-sin-categoria"],"_links":{"self":[{"href":"http:\/\/fmdelpueblo.ar\/index.php?rest_route=\/wp\/v2\/posts\/37421","targetHints":{"allow":["GET"]}}],"collection":[{"href":"http:\/\/fmdelpueblo.ar\/index.php?rest_route=\/wp\/v2\/posts"}],"about":[{"href":"http:\/\/fmdelpueblo.ar\/index.php?rest_route=\/wp\/v2\/types\/post"}],"replies":[{"embeddable":true,"href":"http:\/\/fmdelpueblo.ar\/index.php?rest_route=%2Fwp%2Fv2%2Fcomments&post=37421"}],"version-history":[{"count":0,"href":"http:\/\/fmdelpueblo.ar\/index.php?rest_route=\/wp\/v2\/posts\/37421\/revisions"}],"wp:attachment":[{"href":"http:\/\/fmdelpueblo.ar\/index.php?rest_route=%2Fwp%2Fv2%2Fmedia&parent=37421"}],"wp:term":[{"taxonomy":"category","embeddable":true,"href":"http:\/\/fmdelpueblo.ar\/index.php?rest_route=%2Fwp%2Fv2%2Fcategories&post=37421"},{"taxonomy":"post_tag","embeddable":true,"href":"http:\/\/fmdelpueblo.ar\/index.php?rest_route=%2Fwp%2Fv2%2Ftags&post=37421"}],"curies":[{"name":"wp","href":"https:\/\/api.w.org\/{rel}","templated":true}]}}