{"id":37420,"date":"2023-03-03T04:09:06","date_gmt":"2023-03-03T04:09:06","guid":{"rendered":"https:\/\/fmdelpueblo.ar\/?p=37420"},"modified":"2023-03-03T04:09:06","modified_gmt":"2023-03-03T04:09:06","slug":"por-que-grita-asi-el-kun-aguero-imito-y-cuestiono-a-alberto-fernandez","status":"publish","type":"post","link":"http:\/\/fmdelpueblo.ar\/?p=37420","title":{"rendered":"\u00ab\u00bfPor qu\u00e9 grita as\u00ed?\u00bb: el Kun Ag\u00fcero imit\u00f3 y cuestion\u00f3 a Alberto Fern\u00e1ndez"},"content":{"rendered":"<\/p>\n<p>El ex futbolista revolucion\u00f3 las redes al difundir un clip en el cual imit\u00f3 las expresiones del Presidente. <a href=\"https:\/\/www.perfil.com\/noticias\/actualidad\/por-que-grita-asi-kun-aguero-imito-y-cuestiono-alberto-fernandez.phtml\">Leer m\u00e1s<\/a><\/p>\n","protected":false},"excerpt":{"rendered":"<p>El ex futbolista revolucion\u00f3 las redes al difundir un clip en el cual imit\u00f3 las expresiones del Presidente. Leer m\u00e1s<\/p>\n","protected":false},"author":0,"featured_media":0,"comment_status":"","ping_status":"","sticky":false,"template":"","format":"standard","meta":{"footnotes":""},"categories":[1],"tags":[],"class_list":["post-37420","post","type-post","status-publish","format-standard","hentry","category-sin-categoria"],"_links":{"self":[{"href":"http:\/\/fmdelpueblo.ar\/index.php?rest_route=\/wp\/v2\/posts\/37420","targetHints":{"allow":["GET"]}}],"collection":[{"href":"http:\/\/fmdelpueblo.ar\/index.php?rest_route=\/wp\/v2\/posts"}],"about":[{"href":"http:\/\/fmdelpueblo.ar\/index.php?rest_route=\/wp\/v2\/types\/post"}],"replies":[{"embeddable":true,"href":"http:\/\/fmdelpueblo.ar\/index.php?rest_route=%2Fwp%2Fv2%2Fcomments&post=37420"}],"version-history":[{"count":0,"href":"http:\/\/fmdelpueblo.ar\/index.php?rest_route=\/wp\/v2\/posts\/37420\/revisions"}],"wp:attachment":[{"href":"http:\/\/fmdelpueblo.ar\/index.php?rest_route=%2Fwp%2Fv2%2Fmedia&parent=37420"}],"wp:term":[{"taxonomy":"category","embeddable":true,"href":"http:\/\/fmdelpueblo.ar\/index.php?rest_route=%2Fwp%2Fv2%2Fcategories&post=37420"},{"taxonomy":"post_tag","embeddable":true,"href":"http:\/\/fmdelpueblo.ar\/index.php?rest_route=%2Fwp%2Fv2%2Ftags&post=37420"}],"curies":[{"name":"wp","href":"https:\/\/api.w.org\/{rel}","templated":true}]}}