{"id":37416,"date":"2023-03-03T03:09:09","date_gmt":"2023-03-03T03:09:09","guid":{"rendered":"https:\/\/fmdelpueblo.ar\/?p=37416"},"modified":"2023-03-03T03:09:09","modified_gmt":"2023-03-03T03:09:09","slug":"apagon-mientras-investigan-si-el-incendio-fue-intencional-quedan-cerca-de-100-mil-usuarios-a-oscuras","status":"publish","type":"post","link":"http:\/\/fmdelpueblo.ar\/?p=37416","title":{"rendered":"Apag\u00f3n: mientras investigan si el incendio fue intencional, quedan cerca de 100 mil usuarios a oscuras"},"content":{"rendered":"<\/p>\n<p>Los efectos del masivo corte de suministro se siguen haciendo sentir, incluso despu\u00e9s de un d\u00eda en que el calor marc\u00f3 un r\u00e9cord hist\u00f3rico para marzo. Los n\u00fameros del ENRE. <a href=\"https:\/\/www.perfil.com\/noticias\/actualidad\/apagon-mientras-discuten-si-el-incendio-fue-intencional-todavia-quedan-70-mil-usuarios-a-oscuras.phtml\">Leer m\u00e1s<\/a><\/p>\n","protected":false},"excerpt":{"rendered":"<p>Los efectos del masivo corte de suministro se siguen haciendo sentir, incluso despu\u00e9s de un d\u00eda en que el calor marc\u00f3 un r\u00e9cord hist\u00f3rico para marzo. Los n\u00fameros del ENRE. Leer m\u00e1s<\/p>\n","protected":false},"author":0,"featured_media":0,"comment_status":"","ping_status":"","sticky":false,"template":"","format":"standard","meta":{"footnotes":""},"categories":[1],"tags":[],"class_list":["post-37416","post","type-post","status-publish","format-standard","hentry","category-sin-categoria"],"_links":{"self":[{"href":"http:\/\/fmdelpueblo.ar\/index.php?rest_route=\/wp\/v2\/posts\/37416","targetHints":{"allow":["GET"]}}],"collection":[{"href":"http:\/\/fmdelpueblo.ar\/index.php?rest_route=\/wp\/v2\/posts"}],"about":[{"href":"http:\/\/fmdelpueblo.ar\/index.php?rest_route=\/wp\/v2\/types\/post"}],"replies":[{"embeddable":true,"href":"http:\/\/fmdelpueblo.ar\/index.php?rest_route=%2Fwp%2Fv2%2Fcomments&post=37416"}],"version-history":[{"count":0,"href":"http:\/\/fmdelpueblo.ar\/index.php?rest_route=\/wp\/v2\/posts\/37416\/revisions"}],"wp:attachment":[{"href":"http:\/\/fmdelpueblo.ar\/index.php?rest_route=%2Fwp%2Fv2%2Fmedia&parent=37416"}],"wp:term":[{"taxonomy":"category","embeddable":true,"href":"http:\/\/fmdelpueblo.ar\/index.php?rest_route=%2Fwp%2Fv2%2Fcategories&post=37416"},{"taxonomy":"post_tag","embeddable":true,"href":"http:\/\/fmdelpueblo.ar\/index.php?rest_route=%2Fwp%2Fv2%2Ftags&post=37416"}],"curies":[{"name":"wp","href":"https:\/\/api.w.org\/{rel}","templated":true}]}}