{"id":37412,"date":"2023-03-03T02:09:12","date_gmt":"2023-03-03T02:09:12","guid":{"rendered":"http:\/\/fmdelpueblo.ar\/?p=37412"},"modified":"2023-03-03T02:09:12","modified_gmt":"2023-03-03T02:09:12","slug":"la-justicia-repudio-la-ofensiva-de-alberto-fernandez-y-reclamo-independencia-judicial","status":"publish","type":"post","link":"http:\/\/fmdelpueblo.ar\/?p=37412","title":{"rendered":"La Justicia repudi\u00f3 \u00abla ofensiva\u00bb de Alberto Fern\u00e1ndez y reclam\u00f3 \u00abindependencia judicial\u00bb"},"content":{"rendered":"<\/p>\n<p>Los titulares de las c\u00e1maras federales y nacionales del pa\u00eds se pronunciaron contra las expresiones del mandatario en la apertura del a\u00f1o legislativo. <a href=\"https:\/\/www.perfil.com\/noticias\/politica\/justicia-repudio-ofensiva-alberto-fernandez-reclamo-independencia-judicial.phtml\">Leer m\u00e1s<\/a><\/p>\n","protected":false},"excerpt":{"rendered":"<p>Los titulares de las c\u00e1maras federales y nacionales del pa\u00eds se pronunciaron contra las expresiones del mandatario en la apertura del a\u00f1o legislativo. Leer m\u00e1s<\/p>\n","protected":false},"author":0,"featured_media":0,"comment_status":"","ping_status":"","sticky":false,"template":"","format":"standard","meta":{"footnotes":""},"categories":[1],"tags":[],"class_list":["post-37412","post","type-post","status-publish","format-standard","hentry","category-sin-categoria"],"_links":{"self":[{"href":"http:\/\/fmdelpueblo.ar\/index.php?rest_route=\/wp\/v2\/posts\/37412","targetHints":{"allow":["GET"]}}],"collection":[{"href":"http:\/\/fmdelpueblo.ar\/index.php?rest_route=\/wp\/v2\/posts"}],"about":[{"href":"http:\/\/fmdelpueblo.ar\/index.php?rest_route=\/wp\/v2\/types\/post"}],"replies":[{"embeddable":true,"href":"http:\/\/fmdelpueblo.ar\/index.php?rest_route=%2Fwp%2Fv2%2Fcomments&post=37412"}],"version-history":[{"count":0,"href":"http:\/\/fmdelpueblo.ar\/index.php?rest_route=\/wp\/v2\/posts\/37412\/revisions"}],"wp:attachment":[{"href":"http:\/\/fmdelpueblo.ar\/index.php?rest_route=%2Fwp%2Fv2%2Fmedia&parent=37412"}],"wp:term":[{"taxonomy":"category","embeddable":true,"href":"http:\/\/fmdelpueblo.ar\/index.php?rest_route=%2Fwp%2Fv2%2Fcategories&post=37412"},{"taxonomy":"post_tag","embeddable":true,"href":"http:\/\/fmdelpueblo.ar\/index.php?rest_route=%2Fwp%2Fv2%2Ftags&post=37412"}],"curies":[{"name":"wp","href":"https:\/\/api.w.org\/{rel}","templated":true}]}}