{"id":37410,"date":"2023-03-03T01:09:20","date_gmt":"2023-03-03T01:09:20","guid":{"rendered":"http:\/\/fmdelpueblo.ar\/?p=37410"},"modified":"2023-03-03T01:09:20","modified_gmt":"2023-03-03T01:09:20","slug":"lopez-obrador-impulsa-un-programa-contra-la-inflacion-que-incluya-a-casi-todo-el-continente","status":"publish","type":"post","link":"http:\/\/fmdelpueblo.ar\/?p=37410","title":{"rendered":"L\u00f3pez Obrador impulsa un \u00abprograma contra la inflaci\u00f3n\u00bb que incluya a casi todo el continente"},"content":{"rendered":"<\/p>\n<p>El mandatario mexicano dijo que ya habl\u00f3 del tema con los presidentes de Argentina, Brasil, Colombia y Cuba, que se mostraron de acuerdo en convenir una estrategia com\u00fan contra los aumentos de precios. Habr\u00eda una cumbre virtual el mes pr\u00f3ximo para avanzar con el tema. <a href=\"https:\/\/www.perfil.com\/noticias\/economia\/mexico-y-argentina-impulsan-un-acuerdo-regional-para-luchar-contra-la-inflacion.phtml\">Leer m\u00e1s<\/a><\/p>\n","protected":false},"excerpt":{"rendered":"<p>El mandatario mexicano dijo que ya habl\u00f3 del tema con los presidentes de Argentina, Brasil, Colombia y Cuba, que se mostraron de acuerdo en convenir una estrategia com\u00fan contra los aumentos de precios. Habr\u00eda una cumbre virtual el mes pr\u00f3ximo para avanzar con el tema. Leer m\u00e1s<\/p>\n","protected":false},"author":0,"featured_media":0,"comment_status":"","ping_status":"","sticky":false,"template":"","format":"standard","meta":{"footnotes":""},"categories":[1],"tags":[],"class_list":["post-37410","post","type-post","status-publish","format-standard","hentry","category-sin-categoria"],"_links":{"self":[{"href":"http:\/\/fmdelpueblo.ar\/index.php?rest_route=\/wp\/v2\/posts\/37410","targetHints":{"allow":["GET"]}}],"collection":[{"href":"http:\/\/fmdelpueblo.ar\/index.php?rest_route=\/wp\/v2\/posts"}],"about":[{"href":"http:\/\/fmdelpueblo.ar\/index.php?rest_route=\/wp\/v2\/types\/post"}],"replies":[{"embeddable":true,"href":"http:\/\/fmdelpueblo.ar\/index.php?rest_route=%2Fwp%2Fv2%2Fcomments&post=37410"}],"version-history":[{"count":0,"href":"http:\/\/fmdelpueblo.ar\/index.php?rest_route=\/wp\/v2\/posts\/37410\/revisions"}],"wp:attachment":[{"href":"http:\/\/fmdelpueblo.ar\/index.php?rest_route=%2Fwp%2Fv2%2Fmedia&parent=37410"}],"wp:term":[{"taxonomy":"category","embeddable":true,"href":"http:\/\/fmdelpueblo.ar\/index.php?rest_route=%2Fwp%2Fv2%2Fcategories&post=37410"},{"taxonomy":"post_tag","embeddable":true,"href":"http:\/\/fmdelpueblo.ar\/index.php?rest_route=%2Fwp%2Fv2%2Ftags&post=37410"}],"curies":[{"name":"wp","href":"https:\/\/api.w.org\/{rel}","templated":true}]}}