{"id":37409,"date":"2023-03-03T01:09:19","date_gmt":"2023-03-03T01:09:19","guid":{"rendered":"http:\/\/fmdelpueblo.ar\/?p=37409"},"modified":"2023-03-03T01:09:19","modified_gmt":"2023-03-03T01:09:19","slug":"grindetti-quiere-saltar-de-lanus-a-la-plata-a-la-provincia-hay-que-darla-vuelta-como-una-media","status":"publish","type":"post","link":"http:\/\/fmdelpueblo.ar\/?p=37409","title":{"rendered":"Grindetti quiere saltar de Lan\u00fas a La Plata: \u00abA la provincia hay que darla vuelta como una media\u00bb"},"content":{"rendered":"<\/p>\n<p>Lanz\u00f3 su candidatura a la gobernaci\u00f3n bonaerense acompa\u00f1ado por Patricia Bullrich. \u00abNo hay que ser blandos\u00bb, destac\u00f3 el intendente de Lan\u00fas, hist\u00f3rico aliado de Mauricio Macri.  <a href=\"https:\/\/www.perfil.com\/noticias\/politica\/provincia-hay-que-darla-vuelta-como-media-grindetti-lanzo-candidatura-provincia-buenos-aires.phtml\">Leer m\u00e1s<\/a><\/p>\n","protected":false},"excerpt":{"rendered":"<p>Lanz\u00f3 su candidatura a la gobernaci\u00f3n bonaerense acompa\u00f1ado por Patricia Bullrich. \u00abNo hay que ser blandos\u00bb, destac\u00f3 el intendente de Lan\u00fas, hist\u00f3rico aliado de Mauricio Macri. Leer m\u00e1s<\/p>\n","protected":false},"author":0,"featured_media":0,"comment_status":"","ping_status":"","sticky":false,"template":"","format":"standard","meta":{"footnotes":""},"categories":[1],"tags":[],"class_list":["post-37409","post","type-post","status-publish","format-standard","hentry","category-sin-categoria"],"_links":{"self":[{"href":"http:\/\/fmdelpueblo.ar\/index.php?rest_route=\/wp\/v2\/posts\/37409","targetHints":{"allow":["GET"]}}],"collection":[{"href":"http:\/\/fmdelpueblo.ar\/index.php?rest_route=\/wp\/v2\/posts"}],"about":[{"href":"http:\/\/fmdelpueblo.ar\/index.php?rest_route=\/wp\/v2\/types\/post"}],"replies":[{"embeddable":true,"href":"http:\/\/fmdelpueblo.ar\/index.php?rest_route=%2Fwp%2Fv2%2Fcomments&post=37409"}],"version-history":[{"count":0,"href":"http:\/\/fmdelpueblo.ar\/index.php?rest_route=\/wp\/v2\/posts\/37409\/revisions"}],"wp:attachment":[{"href":"http:\/\/fmdelpueblo.ar\/index.php?rest_route=%2Fwp%2Fv2%2Fmedia&parent=37409"}],"wp:term":[{"taxonomy":"category","embeddable":true,"href":"http:\/\/fmdelpueblo.ar\/index.php?rest_route=%2Fwp%2Fv2%2Fcategories&post=37409"},{"taxonomy":"post_tag","embeddable":true,"href":"http:\/\/fmdelpueblo.ar\/index.php?rest_route=%2Fwp%2Fv2%2Ftags&post=37409"}],"curies":[{"name":"wp","href":"https:\/\/api.w.org\/{rel}","templated":true}]}}