{"id":37408,"date":"2023-03-03T01:09:19","date_gmt":"2023-03-03T01:09:19","guid":{"rendered":"http:\/\/fmdelpueblo.ar\/?p=37408"},"modified":"2023-03-03T01:09:19","modified_gmt":"2023-03-03T01:09:19","slug":"ataque-a-la-familia-roccuzzo-patricia-bullrich-pidio-la-renuncia-de-anibal-fernandez","status":"publish","type":"post","link":"http:\/\/fmdelpueblo.ar\/?p=37408","title":{"rendered":"Ataque a la familia Roccuzzo: Patricia Bullrich pidi\u00f3 la renuncia de An\u00edbal Fern\u00e1ndez"},"content":{"rendered":"<\/p>\n<p>La balacera fue en la madrugada del jueves y tuvo lugar en el Supermercado \u00danico, situado en Lavalle al 2500. <a href=\"https:\/\/www.perfil.com\/noticias\/reperfilar\/messi-amenaza-javkin-roccuzzo-rosario-narco-balacera.phtml\">Leer m\u00e1s<\/a><\/p>\n","protected":false},"excerpt":{"rendered":"<p>La balacera fue en la madrugada del jueves y tuvo lugar en el Supermercado \u00danico, situado en Lavalle al 2500. Leer m\u00e1s<\/p>\n","protected":false},"author":0,"featured_media":0,"comment_status":"","ping_status":"","sticky":false,"template":"","format":"standard","meta":{"footnotes":""},"categories":[1],"tags":[],"class_list":["post-37408","post","type-post","status-publish","format-standard","hentry","category-sin-categoria"],"_links":{"self":[{"href":"http:\/\/fmdelpueblo.ar\/index.php?rest_route=\/wp\/v2\/posts\/37408","targetHints":{"allow":["GET"]}}],"collection":[{"href":"http:\/\/fmdelpueblo.ar\/index.php?rest_route=\/wp\/v2\/posts"}],"about":[{"href":"http:\/\/fmdelpueblo.ar\/index.php?rest_route=\/wp\/v2\/types\/post"}],"replies":[{"embeddable":true,"href":"http:\/\/fmdelpueblo.ar\/index.php?rest_route=%2Fwp%2Fv2%2Fcomments&post=37408"}],"version-history":[{"count":0,"href":"http:\/\/fmdelpueblo.ar\/index.php?rest_route=\/wp\/v2\/posts\/37408\/revisions"}],"wp:attachment":[{"href":"http:\/\/fmdelpueblo.ar\/index.php?rest_route=%2Fwp%2Fv2%2Fmedia&parent=37408"}],"wp:term":[{"taxonomy":"category","embeddable":true,"href":"http:\/\/fmdelpueblo.ar\/index.php?rest_route=%2Fwp%2Fv2%2Fcategories&post=37408"},{"taxonomy":"post_tag","embeddable":true,"href":"http:\/\/fmdelpueblo.ar\/index.php?rest_route=%2Fwp%2Fv2%2Ftags&post=37408"}],"curies":[{"name":"wp","href":"https:\/\/api.w.org\/{rel}","templated":true}]}}