{"id":37407,"date":"2023-03-03T01:09:18","date_gmt":"2023-03-03T01:09:18","guid":{"rendered":"http:\/\/fmdelpueblo.ar\/?p=37407"},"modified":"2023-03-03T01:09:18","modified_gmt":"2023-03-03T01:09:18","slug":"cronica-entrerriana-en-urdinarrain-no-es-necesario-preguntar-y-el-pueblo-donde-esta","status":"publish","type":"post","link":"http:\/\/fmdelpueblo.ar\/?p=37407","title":{"rendered":"Cr\u00f3nica entrerriana: En Urdinarra\u00edn no es necesario preguntar \u201c\u00bf y el pueblo d\u00f3nde est\u00e1?\u201d"},"content":{"rendered":"<\/p>\n<p>La Fiesta Provincial del Caballo es una pintura rural de boinas, payadores y jinetes con fac\u00f3n en el cinto. Postales de una Argentina que regala alegr\u00eda y donde el himno se canta fuerte, porque significa. <a href=\"https:\/\/www.perfil.com\/noticias\/opinion\/cronica-entrerriana-en-urdinarrain-no-es-necesario-preguntar-y-el-pueblo-donde-esta.phtml\">Leer m\u00e1s<\/a><\/p>\n","protected":false},"excerpt":{"rendered":"<p>La Fiesta Provincial del Caballo es una pintura rural de boinas, payadores y jinetes con fac\u00f3n en el cinto. Postales de una Argentina que regala alegr\u00eda y donde el himno se canta fuerte, porque significa. Leer m\u00e1s<\/p>\n","protected":false},"author":0,"featured_media":0,"comment_status":"","ping_status":"","sticky":false,"template":"","format":"standard","meta":{"footnotes":""},"categories":[1],"tags":[],"class_list":["post-37407","post","type-post","status-publish","format-standard","hentry","category-sin-categoria"],"_links":{"self":[{"href":"http:\/\/fmdelpueblo.ar\/index.php?rest_route=\/wp\/v2\/posts\/37407","targetHints":{"allow":["GET"]}}],"collection":[{"href":"http:\/\/fmdelpueblo.ar\/index.php?rest_route=\/wp\/v2\/posts"}],"about":[{"href":"http:\/\/fmdelpueblo.ar\/index.php?rest_route=\/wp\/v2\/types\/post"}],"replies":[{"embeddable":true,"href":"http:\/\/fmdelpueblo.ar\/index.php?rest_route=%2Fwp%2Fv2%2Fcomments&post=37407"}],"version-history":[{"count":0,"href":"http:\/\/fmdelpueblo.ar\/index.php?rest_route=\/wp\/v2\/posts\/37407\/revisions"}],"wp:attachment":[{"href":"http:\/\/fmdelpueblo.ar\/index.php?rest_route=%2Fwp%2Fv2%2Fmedia&parent=37407"}],"wp:term":[{"taxonomy":"category","embeddable":true,"href":"http:\/\/fmdelpueblo.ar\/index.php?rest_route=%2Fwp%2Fv2%2Fcategories&post=37407"},{"taxonomy":"post_tag","embeddable":true,"href":"http:\/\/fmdelpueblo.ar\/index.php?rest_route=%2Fwp%2Fv2%2Ftags&post=37407"}],"curies":[{"name":"wp","href":"https:\/\/api.w.org\/{rel}","templated":true}]}}