{"id":37399,"date":"2023-03-02T23:09:06","date_gmt":"2023-03-02T23:09:06","guid":{"rendered":"https:\/\/fmdelpueblo.ar\/?p=37399"},"modified":"2023-03-02T23:09:06","modified_gmt":"2023-03-02T23:09:06","slug":"la-corte-suprema-determino-que-los-jubilados-no-deben-pagar-ganancias","status":"publish","type":"post","link":"http:\/\/fmdelpueblo.ar\/?p=37399","title":{"rendered":"La Corte Suprema determin\u00f3 que los jubilados no deben pagar Ganancias"},"content":{"rendered":"<\/p>\n<p>El m\u00e1ximo tribunal se pronunci\u00f3 en contra de un recurso extraordinario presentado pro la ANSES.  <a href=\"https:\/\/www.perfil.com\/noticias\/economia\/la-corte-suprema-determino-que-los-jubilados-no-deben-pagar-ganancias.phtml\">Leer m\u00e1s<\/a><\/p>\n","protected":false},"excerpt":{"rendered":"<p>El m\u00e1ximo tribunal se pronunci\u00f3 en contra de un recurso extraordinario presentado pro la ANSES. Leer m\u00e1s<\/p>\n","protected":false},"author":0,"featured_media":0,"comment_status":"","ping_status":"","sticky":false,"template":"","format":"standard","meta":{"footnotes":""},"categories":[1],"tags":[],"class_list":["post-37399","post","type-post","status-publish","format-standard","hentry","category-sin-categoria"],"_links":{"self":[{"href":"http:\/\/fmdelpueblo.ar\/index.php?rest_route=\/wp\/v2\/posts\/37399","targetHints":{"allow":["GET"]}}],"collection":[{"href":"http:\/\/fmdelpueblo.ar\/index.php?rest_route=\/wp\/v2\/posts"}],"about":[{"href":"http:\/\/fmdelpueblo.ar\/index.php?rest_route=\/wp\/v2\/types\/post"}],"replies":[{"embeddable":true,"href":"http:\/\/fmdelpueblo.ar\/index.php?rest_route=%2Fwp%2Fv2%2Fcomments&post=37399"}],"version-history":[{"count":0,"href":"http:\/\/fmdelpueblo.ar\/index.php?rest_route=\/wp\/v2\/posts\/37399\/revisions"}],"wp:attachment":[{"href":"http:\/\/fmdelpueblo.ar\/index.php?rest_route=%2Fwp%2Fv2%2Fmedia&parent=37399"}],"wp:term":[{"taxonomy":"category","embeddable":true,"href":"http:\/\/fmdelpueblo.ar\/index.php?rest_route=%2Fwp%2Fv2%2Fcategories&post=37399"},{"taxonomy":"post_tag","embeddable":true,"href":"http:\/\/fmdelpueblo.ar\/index.php?rest_route=%2Fwp%2Fv2%2Ftags&post=37399"}],"curies":[{"name":"wp","href":"https:\/\/api.w.org\/{rel}","templated":true}]}}