{"id":37398,"date":"2023-03-02T23:09:06","date_gmt":"2023-03-02T23:09:06","guid":{"rendered":"https:\/\/fmdelpueblo.ar\/?p=37398"},"modified":"2023-03-02T23:09:06","modified_gmt":"2023-03-02T23:09:06","slug":"un-gesto-la-belga-que-degollo-a-sus-hijos-murio-por-eutanasia-en-el-aniversario-del-crimen","status":"publish","type":"post","link":"http:\/\/fmdelpueblo.ar\/?p=37398","title":{"rendered":"\u00abUn gesto\u00bb: la belga que degoll\u00f3 a sus hijos muri\u00f3 por eutanasia en el aniversario del crimen"},"content":{"rendered":"<\/p>\n<p>Genevi\u00e8ve Lhermitte tom\u00f3 la decisi\u00f3n para \u00abterminar con el sufrimiento psicol\u00f3gico\u00bb tras el brutal asesinato que conmocion\u00f3 al mundo y que aviv\u00f3 el debate sobre la salud mental en 2007. <a href=\"https:\/\/www.perfil.com\/noticias\/internacional\/una-mujer-belga-que-degollo-a-sus-cinco-hijos-murio-por-eutanasia-en-el-aniversario-del-crimen.phtml\">Leer m\u00e1s<\/a><\/p>\n","protected":false},"excerpt":{"rendered":"<p>Genevi\u00e8ve Lhermitte tom\u00f3 la decisi\u00f3n para \u00abterminar con el sufrimiento psicol\u00f3gico\u00bb tras el brutal asesinato que conmocion\u00f3 al mundo y que aviv\u00f3 el debate sobre la salud mental en 2007. Leer m\u00e1s<\/p>\n","protected":false},"author":0,"featured_media":0,"comment_status":"","ping_status":"","sticky":false,"template":"","format":"standard","meta":{"footnotes":""},"categories":[1],"tags":[],"class_list":["post-37398","post","type-post","status-publish","format-standard","hentry","category-sin-categoria"],"_links":{"self":[{"href":"http:\/\/fmdelpueblo.ar\/index.php?rest_route=\/wp\/v2\/posts\/37398","targetHints":{"allow":["GET"]}}],"collection":[{"href":"http:\/\/fmdelpueblo.ar\/index.php?rest_route=\/wp\/v2\/posts"}],"about":[{"href":"http:\/\/fmdelpueblo.ar\/index.php?rest_route=\/wp\/v2\/types\/post"}],"replies":[{"embeddable":true,"href":"http:\/\/fmdelpueblo.ar\/index.php?rest_route=%2Fwp%2Fv2%2Fcomments&post=37398"}],"version-history":[{"count":0,"href":"http:\/\/fmdelpueblo.ar\/index.php?rest_route=\/wp\/v2\/posts\/37398\/revisions"}],"wp:attachment":[{"href":"http:\/\/fmdelpueblo.ar\/index.php?rest_route=%2Fwp%2Fv2%2Fmedia&parent=37398"}],"wp:term":[{"taxonomy":"category","embeddable":true,"href":"http:\/\/fmdelpueblo.ar\/index.php?rest_route=%2Fwp%2Fv2%2Fcategories&post=37398"},{"taxonomy":"post_tag","embeddable":true,"href":"http:\/\/fmdelpueblo.ar\/index.php?rest_route=%2Fwp%2Fv2%2Ftags&post=37398"}],"curies":[{"name":"wp","href":"https:\/\/api.w.org\/{rel}","templated":true}]}}