{"id":37397,"date":"2023-03-02T23:09:05","date_gmt":"2023-03-02T23:09:05","guid":{"rendered":"https:\/\/fmdelpueblo.ar\/?p=37397"},"modified":"2023-03-02T23:09:05","modified_gmt":"2023-03-02T23:09:05","slug":"sismologo-que-predijo-el-terremoto-de-turquia-anticipo-otro-megaterremoto-en-marzo","status":"publish","type":"post","link":"http:\/\/fmdelpueblo.ar\/?p=37397","title":{"rendered":"Sism\u00f3logo que predijo el terremoto de Turqu\u00eda anticip\u00f3 otro \u00abmegaterremoto\u00bb en marzo"},"content":{"rendered":"<\/p>\n<p>Autodefinido como \u00abpredictor de terremotos e investigador\u00bb, el holand\u00e9s Frank Hoogerbeets dijo que un sismo de gran escala probablemente ocurrir\u00eda por una conjunci\u00f3n planetaria entre la\u00a0Tierra,\u00a0Mercurio\u00a0y\u00a0Saturno. <a href=\"https:\/\/www.perfil.com\/noticias\/ciencia\/sismologo-que-predijo-el-terremoto-de-turquia-anticipo-otro-gran-terremoto-en-marzo.phtml\">Leer m\u00e1s<\/a><\/p>\n","protected":false},"excerpt":{"rendered":"<p>Autodefinido como \u00abpredictor de terremotos e investigador\u00bb, el holand\u00e9s Frank Hoogerbeets dijo que un sismo de gran escala probablemente ocurrir\u00eda por una conjunci\u00f3n planetaria entre la\u00a0Tierra,\u00a0Mercurio\u00a0y\u00a0Saturno. Leer m\u00e1s<\/p>\n","protected":false},"author":0,"featured_media":0,"comment_status":"","ping_status":"","sticky":false,"template":"","format":"standard","meta":{"footnotes":""},"categories":[1],"tags":[],"class_list":["post-37397","post","type-post","status-publish","format-standard","hentry","category-sin-categoria"],"_links":{"self":[{"href":"http:\/\/fmdelpueblo.ar\/index.php?rest_route=\/wp\/v2\/posts\/37397","targetHints":{"allow":["GET"]}}],"collection":[{"href":"http:\/\/fmdelpueblo.ar\/index.php?rest_route=\/wp\/v2\/posts"}],"about":[{"href":"http:\/\/fmdelpueblo.ar\/index.php?rest_route=\/wp\/v2\/types\/post"}],"replies":[{"embeddable":true,"href":"http:\/\/fmdelpueblo.ar\/index.php?rest_route=%2Fwp%2Fv2%2Fcomments&post=37397"}],"version-history":[{"count":0,"href":"http:\/\/fmdelpueblo.ar\/index.php?rest_route=\/wp\/v2\/posts\/37397\/revisions"}],"wp:attachment":[{"href":"http:\/\/fmdelpueblo.ar\/index.php?rest_route=%2Fwp%2Fv2%2Fmedia&parent=37397"}],"wp:term":[{"taxonomy":"category","embeddable":true,"href":"http:\/\/fmdelpueblo.ar\/index.php?rest_route=%2Fwp%2Fv2%2Fcategories&post=37397"},{"taxonomy":"post_tag","embeddable":true,"href":"http:\/\/fmdelpueblo.ar\/index.php?rest_route=%2Fwp%2Fv2%2Ftags&post=37397"}],"curies":[{"name":"wp","href":"https:\/\/api.w.org\/{rel}","templated":true}]}}