{"id":37391,"date":"2023-03-02T22:09:03","date_gmt":"2023-03-02T22:09:03","guid":{"rendered":"https:\/\/fmdelpueblo.ar\/?p=37391"},"modified":"2023-03-02T22:09:03","modified_gmt":"2023-03-02T22:09:03","slug":"los-detalles-de-la-nueva-protesta-piquetera-en-plaza-de-mayo","status":"publish","type":"post","link":"http:\/\/fmdelpueblo.ar\/?p=37391","title":{"rendered":"Los detalles de la nueva protesta piquetera en Plaza de Mayo"},"content":{"rendered":"<\/p>\n<p>Unidad Piquetera, el grupo de movimientos sociales mas cr\u00edtico del Gobierno, prepara una serie de acciones a partir de este viernes. Las opciones que barajan y por qu\u00e9 comparan a Alberto Fern\u00e1ndez con Mauricio Macri. <a href=\"https:\/\/www.perfil.com\/noticias\/politica\/los-detalles-de-la-nueva-protesta-piquetera-en-plaza-de-mayo.phtml\">Leer m\u00e1s<\/a><\/p>\n","protected":false},"excerpt":{"rendered":"<p>Unidad Piquetera, el grupo de movimientos sociales mas cr\u00edtico del Gobierno, prepara una serie de acciones a partir de este viernes. Las opciones que barajan y por qu\u00e9 comparan a Alberto Fern\u00e1ndez con Mauricio Macri. Leer m\u00e1s<\/p>\n","protected":false},"author":0,"featured_media":0,"comment_status":"","ping_status":"","sticky":false,"template":"","format":"standard","meta":{"footnotes":""},"categories":[1],"tags":[],"class_list":["post-37391","post","type-post","status-publish","format-standard","hentry","category-sin-categoria"],"_links":{"self":[{"href":"http:\/\/fmdelpueblo.ar\/index.php?rest_route=\/wp\/v2\/posts\/37391","targetHints":{"allow":["GET"]}}],"collection":[{"href":"http:\/\/fmdelpueblo.ar\/index.php?rest_route=\/wp\/v2\/posts"}],"about":[{"href":"http:\/\/fmdelpueblo.ar\/index.php?rest_route=\/wp\/v2\/types\/post"}],"replies":[{"embeddable":true,"href":"http:\/\/fmdelpueblo.ar\/index.php?rest_route=%2Fwp%2Fv2%2Fcomments&post=37391"}],"version-history":[{"count":0,"href":"http:\/\/fmdelpueblo.ar\/index.php?rest_route=\/wp\/v2\/posts\/37391\/revisions"}],"wp:attachment":[{"href":"http:\/\/fmdelpueblo.ar\/index.php?rest_route=%2Fwp%2Fv2%2Fmedia&parent=37391"}],"wp:term":[{"taxonomy":"category","embeddable":true,"href":"http:\/\/fmdelpueblo.ar\/index.php?rest_route=%2Fwp%2Fv2%2Fcategories&post=37391"},{"taxonomy":"post_tag","embeddable":true,"href":"http:\/\/fmdelpueblo.ar\/index.php?rest_route=%2Fwp%2Fv2%2Ftags&post=37391"}],"curies":[{"name":"wp","href":"https:\/\/api.w.org\/{rel}","templated":true}]}}