{"id":37390,"date":"2023-03-02T21:09:07","date_gmt":"2023-03-02T21:09:07","guid":{"rendered":"https:\/\/fmdelpueblo.ar\/?p=37390"},"modified":"2023-03-02T21:09:07","modified_gmt":"2023-03-02T21:09:07","slug":"el-deficit-comercial-con-brasil-fue-el-mas-grande-desde-2018","status":"publish","type":"post","link":"http:\/\/fmdelpueblo.ar\/?p=37390","title":{"rendered":"El d\u00e9ficit comercial con Brasil fue el m\u00e1s grande desde 2018"},"content":{"rendered":"<\/p>\n<p>Desde junio de 2018 no se registraba un situaci\u00f3n tan delicada como la que se present\u00f3 en febrero del 2023. Un problema que encuentra su ra\u00edz en el proteccionismo local y en las raqu\u00edticas reservas del Banco Central.<br \/>\n <a href=\"https:\/\/www.perfil.com\/noticias\/economia\/el-deficit-comercial-con-brasil-fue-el-mas-grande-de-los-ultimos-56-meses.phtml\">Leer m\u00e1s<\/a><\/p>\n","protected":false},"excerpt":{"rendered":"<p>Desde junio de 2018 no se registraba un situaci\u00f3n tan delicada como la que se present\u00f3 en febrero del 2023. Un problema que encuentra su ra\u00edz en el proteccionismo local y en las raqu\u00edticas reservas del Banco Central. Leer m\u00e1s<\/p>\n","protected":false},"author":0,"featured_media":0,"comment_status":"","ping_status":"","sticky":false,"template":"","format":"standard","meta":{"footnotes":""},"categories":[1],"tags":[],"class_list":["post-37390","post","type-post","status-publish","format-standard","hentry","category-sin-categoria"],"_links":{"self":[{"href":"http:\/\/fmdelpueblo.ar\/index.php?rest_route=\/wp\/v2\/posts\/37390","targetHints":{"allow":["GET"]}}],"collection":[{"href":"http:\/\/fmdelpueblo.ar\/index.php?rest_route=\/wp\/v2\/posts"}],"about":[{"href":"http:\/\/fmdelpueblo.ar\/index.php?rest_route=\/wp\/v2\/types\/post"}],"replies":[{"embeddable":true,"href":"http:\/\/fmdelpueblo.ar\/index.php?rest_route=%2Fwp%2Fv2%2Fcomments&post=37390"}],"version-history":[{"count":0,"href":"http:\/\/fmdelpueblo.ar\/index.php?rest_route=\/wp\/v2\/posts\/37390\/revisions"}],"wp:attachment":[{"href":"http:\/\/fmdelpueblo.ar\/index.php?rest_route=%2Fwp%2Fv2%2Fmedia&parent=37390"}],"wp:term":[{"taxonomy":"category","embeddable":true,"href":"http:\/\/fmdelpueblo.ar\/index.php?rest_route=%2Fwp%2Fv2%2Fcategories&post=37390"},{"taxonomy":"post_tag","embeddable":true,"href":"http:\/\/fmdelpueblo.ar\/index.php?rest_route=%2Fwp%2Fv2%2Ftags&post=37390"}],"curies":[{"name":"wp","href":"https:\/\/api.w.org\/{rel}","templated":true}]}}