{"id":37389,"date":"2023-03-02T21:09:07","date_gmt":"2023-03-02T21:09:07","guid":{"rendered":"https:\/\/fmdelpueblo.ar\/?p=37389"},"modified":"2023-03-02T21:09:07","modified_gmt":"2023-03-02T21:09:07","slug":"fernando-sabag-montiel-debera-dar-explicaciones-por-llevar-un-dni-de-otra-persona","status":"publish","type":"post","link":"http:\/\/fmdelpueblo.ar\/?p=37389","title":{"rendered":"Fernando Sabag Montiel deber\u00e1 dar explicaciones por llevar un DNI de otra persona"},"content":{"rendered":"<\/p>\n<p>Finalmente, la C\u00e1mara Federal de Casaci\u00f3n Penal resolvi\u00f3 que el hecho debe tramitarse en San Mart\u00edn, donde fue encontrada la documentaci\u00f3n. <a href=\"https:\/\/www.perfil.com\/noticias\/actualidad\/fernando-sabag-montiel-debera-dar-explicaciones-por-llevar-un-dni-de-otra-persona.phtml\">Leer m\u00e1s<\/a><\/p>\n","protected":false},"excerpt":{"rendered":"<p>Finalmente, la C\u00e1mara Federal de Casaci\u00f3n Penal resolvi\u00f3 que el hecho debe tramitarse en San Mart\u00edn, donde fue encontrada la documentaci\u00f3n. Leer m\u00e1s<\/p>\n","protected":false},"author":0,"featured_media":0,"comment_status":"","ping_status":"","sticky":false,"template":"","format":"standard","meta":{"footnotes":""},"categories":[1],"tags":[],"class_list":["post-37389","post","type-post","status-publish","format-standard","hentry","category-sin-categoria"],"_links":{"self":[{"href":"http:\/\/fmdelpueblo.ar\/index.php?rest_route=\/wp\/v2\/posts\/37389","targetHints":{"allow":["GET"]}}],"collection":[{"href":"http:\/\/fmdelpueblo.ar\/index.php?rest_route=\/wp\/v2\/posts"}],"about":[{"href":"http:\/\/fmdelpueblo.ar\/index.php?rest_route=\/wp\/v2\/types\/post"}],"replies":[{"embeddable":true,"href":"http:\/\/fmdelpueblo.ar\/index.php?rest_route=%2Fwp%2Fv2%2Fcomments&post=37389"}],"version-history":[{"count":0,"href":"http:\/\/fmdelpueblo.ar\/index.php?rest_route=\/wp\/v2\/posts\/37389\/revisions"}],"wp:attachment":[{"href":"http:\/\/fmdelpueblo.ar\/index.php?rest_route=%2Fwp%2Fv2%2Fmedia&parent=37389"}],"wp:term":[{"taxonomy":"category","embeddable":true,"href":"http:\/\/fmdelpueblo.ar\/index.php?rest_route=%2Fwp%2Fv2%2Fcategories&post=37389"},{"taxonomy":"post_tag","embeddable":true,"href":"http:\/\/fmdelpueblo.ar\/index.php?rest_route=%2Fwp%2Fv2%2Ftags&post=37389"}],"curies":[{"name":"wp","href":"https:\/\/api.w.org\/{rel}","templated":true}]}}