{"id":37388,"date":"2023-03-02T21:09:06","date_gmt":"2023-03-02T21:09:06","guid":{"rendered":"https:\/\/fmdelpueblo.ar\/?p=37388"},"modified":"2023-03-02T21:09:06","modified_gmt":"2023-03-02T21:09:06","slug":"la-afip-vigila-la-especulacion-de-las-silobolsas-y-prepara-una-nueva-embestida-al-campo","status":"publish","type":"post","link":"http:\/\/fmdelpueblo.ar\/?p=37388","title":{"rendered":"La AFIP vigila la \u201cespeculaci\u00f3n\u201d de las silobolsas y prepara una nueva embestida al campo"},"content":{"rendered":"<\/p>\n<p>Acusan a los chacareros por el derrumbe de la recaudaci\u00f3n de febrero, ante la baja liquidaci\u00f3n de granos. Estudian medidas para que vendan sin la necesidad de un d\u00f3lar-soja 3. <a href=\"https:\/\/www.perfil.com\/noticias\/economia\/la-afip-vigila-la-especulacion-de-las-silobolsas-y-prepara-una-nueva-embestida-al-campo.phtml\">Leer m\u00e1s<\/a><\/p>\n","protected":false},"excerpt":{"rendered":"<p>Acusan a los chacareros por el derrumbe de la recaudaci\u00f3n de febrero, ante la baja liquidaci\u00f3n de granos. Estudian medidas para que vendan sin la necesidad de un d\u00f3lar-soja 3. Leer m\u00e1s<\/p>\n","protected":false},"author":0,"featured_media":0,"comment_status":"","ping_status":"","sticky":false,"template":"","format":"standard","meta":{"footnotes":""},"categories":[1],"tags":[],"class_list":["post-37388","post","type-post","status-publish","format-standard","hentry","category-sin-categoria"],"_links":{"self":[{"href":"http:\/\/fmdelpueblo.ar\/index.php?rest_route=\/wp\/v2\/posts\/37388","targetHints":{"allow":["GET"]}}],"collection":[{"href":"http:\/\/fmdelpueblo.ar\/index.php?rest_route=\/wp\/v2\/posts"}],"about":[{"href":"http:\/\/fmdelpueblo.ar\/index.php?rest_route=\/wp\/v2\/types\/post"}],"replies":[{"embeddable":true,"href":"http:\/\/fmdelpueblo.ar\/index.php?rest_route=%2Fwp%2Fv2%2Fcomments&post=37388"}],"version-history":[{"count":0,"href":"http:\/\/fmdelpueblo.ar\/index.php?rest_route=\/wp\/v2\/posts\/37388\/revisions"}],"wp:attachment":[{"href":"http:\/\/fmdelpueblo.ar\/index.php?rest_route=%2Fwp%2Fv2%2Fmedia&parent=37388"}],"wp:term":[{"taxonomy":"category","embeddable":true,"href":"http:\/\/fmdelpueblo.ar\/index.php?rest_route=%2Fwp%2Fv2%2Fcategories&post=37388"},{"taxonomy":"post_tag","embeddable":true,"href":"http:\/\/fmdelpueblo.ar\/index.php?rest_route=%2Fwp%2Fv2%2Ftags&post=37388"}],"curies":[{"name":"wp","href":"https:\/\/api.w.org\/{rel}","templated":true}]}}