{"id":37386,"date":"2023-03-02T21:09:05","date_gmt":"2023-03-02T21:09:05","guid":{"rendered":"https:\/\/fmdelpueblo.ar\/?p=37386"},"modified":"2023-03-02T21:09:05","modified_gmt":"2023-03-02T21:09:05","slug":"la-adictiva-tiktok-restringira-el-tiempo-de-uso-para-menores-de-18-anos","status":"publish","type":"post","link":"http:\/\/fmdelpueblo.ar\/?p=37386","title":{"rendered":"La adictiva TikTok restringir\u00e1 el tiempo de uso para menores de 18 a\u00f1os"},"content":{"rendered":"<\/p>\n<p>La red social busca frenar con el uso desmedido de los j\u00f3venes. Esta decisi\u00f3n se enmarca en un momento en que las cr\u00edticas por su poder \u00abadictivo\u00bb van en aumento. <a href=\"https:\/\/www.perfil.com\/noticias\/sociedad\/tiktok-restringira-el-tiempo-de-uso-para-menores-de-18-anos.phtml\">Leer m\u00e1s<\/a><\/p>\n","protected":false},"excerpt":{"rendered":"<p>La red social busca frenar con el uso desmedido de los j\u00f3venes. Esta decisi\u00f3n se enmarca en un momento en que las cr\u00edticas por su poder \u00abadictivo\u00bb van en aumento. Leer m\u00e1s<\/p>\n","protected":false},"author":0,"featured_media":0,"comment_status":"","ping_status":"","sticky":false,"template":"","format":"standard","meta":{"footnotes":""},"categories":[1],"tags":[],"class_list":["post-37386","post","type-post","status-publish","format-standard","hentry","category-sin-categoria"],"_links":{"self":[{"href":"http:\/\/fmdelpueblo.ar\/index.php?rest_route=\/wp\/v2\/posts\/37386","targetHints":{"allow":["GET"]}}],"collection":[{"href":"http:\/\/fmdelpueblo.ar\/index.php?rest_route=\/wp\/v2\/posts"}],"about":[{"href":"http:\/\/fmdelpueblo.ar\/index.php?rest_route=\/wp\/v2\/types\/post"}],"replies":[{"embeddable":true,"href":"http:\/\/fmdelpueblo.ar\/index.php?rest_route=%2Fwp%2Fv2%2Fcomments&post=37386"}],"version-history":[{"count":0,"href":"http:\/\/fmdelpueblo.ar\/index.php?rest_route=\/wp\/v2\/posts\/37386\/revisions"}],"wp:attachment":[{"href":"http:\/\/fmdelpueblo.ar\/index.php?rest_route=%2Fwp%2Fv2%2Fmedia&parent=37386"}],"wp:term":[{"taxonomy":"category","embeddable":true,"href":"http:\/\/fmdelpueblo.ar\/index.php?rest_route=%2Fwp%2Fv2%2Fcategories&post=37386"},{"taxonomy":"post_tag","embeddable":true,"href":"http:\/\/fmdelpueblo.ar\/index.php?rest_route=%2Fwp%2Fv2%2Ftags&post=37386"}],"curies":[{"name":"wp","href":"https:\/\/api.w.org\/{rel}","templated":true}]}}