{"id":37385,"date":"2023-03-02T21:09:04","date_gmt":"2023-03-02T21:09:04","guid":{"rendered":"https:\/\/fmdelpueblo.ar\/?p=37385"},"modified":"2023-03-02T21:09:04","modified_gmt":"2023-03-02T21:09:04","slug":"reino-unido-lamento-la-ruptura-del-pacto-de-2016-pero-remarco-las-malvinas-son-britanicas","status":"publish","type":"post","link":"http:\/\/fmdelpueblo.ar\/?p=37385","title":{"rendered":"Reino Unido lament\u00f3 la ruptura del pacto de 2016 pero remarc\u00f3: \u00abLas Malvinas son brit\u00e1nicas\u00bb"},"content":{"rendered":"<\/p>\n<p>As\u00ed lo manifest\u00f3 el secretario para Asuntos Exteriores, James Cleverly. En tanto, la embajadora brit\u00e1nica en Buenos Aires, Kirsty Hayes, lament\u00f3 la decisi\u00f3n de Canciller\u00eda y consider\u00f3 que era un \u00abimportante acuerdo\u00bb. <a href=\"https:\/\/www.perfil.com\/noticias\/politica\/reino-unido-lamento-la-ruptura-del-pacto-de-2016-pero-remarco-las-malvinas-son-britanicas.phtml\">Leer m\u00e1s<\/a><\/p>\n","protected":false},"excerpt":{"rendered":"<p>As\u00ed lo manifest\u00f3 el secretario para Asuntos Exteriores, James Cleverly. En tanto, la embajadora brit\u00e1nica en Buenos Aires, Kirsty Hayes, lament\u00f3 la decisi\u00f3n de Canciller\u00eda y consider\u00f3 que era un \u00abimportante acuerdo\u00bb. Leer m\u00e1s<\/p>\n","protected":false},"author":0,"featured_media":0,"comment_status":"","ping_status":"","sticky":false,"template":"","format":"standard","meta":{"footnotes":""},"categories":[1],"tags":[],"class_list":["post-37385","post","type-post","status-publish","format-standard","hentry","category-sin-categoria"],"_links":{"self":[{"href":"http:\/\/fmdelpueblo.ar\/index.php?rest_route=\/wp\/v2\/posts\/37385","targetHints":{"allow":["GET"]}}],"collection":[{"href":"http:\/\/fmdelpueblo.ar\/index.php?rest_route=\/wp\/v2\/posts"}],"about":[{"href":"http:\/\/fmdelpueblo.ar\/index.php?rest_route=\/wp\/v2\/types\/post"}],"replies":[{"embeddable":true,"href":"http:\/\/fmdelpueblo.ar\/index.php?rest_route=%2Fwp%2Fv2%2Fcomments&post=37385"}],"version-history":[{"count":0,"href":"http:\/\/fmdelpueblo.ar\/index.php?rest_route=\/wp\/v2\/posts\/37385\/revisions"}],"wp:attachment":[{"href":"http:\/\/fmdelpueblo.ar\/index.php?rest_route=%2Fwp%2Fv2%2Fmedia&parent=37385"}],"wp:term":[{"taxonomy":"category","embeddable":true,"href":"http:\/\/fmdelpueblo.ar\/index.php?rest_route=%2Fwp%2Fv2%2Fcategories&post=37385"},{"taxonomy":"post_tag","embeddable":true,"href":"http:\/\/fmdelpueblo.ar\/index.php?rest_route=%2Fwp%2Fv2%2Ftags&post=37385"}],"curies":[{"name":"wp","href":"https:\/\/api.w.org\/{rel}","templated":true}]}}