{"id":37384,"date":"2023-03-02T20:09:31","date_gmt":"2023-03-02T20:09:31","guid":{"rendered":"http:\/\/fmdelpueblo.ar\/?p=37384"},"modified":"2023-03-02T20:09:31","modified_gmt":"2023-03-02T20:09:31","slug":"argentina-comenzara-a-importar-energia-electrica-desde-bolivia","status":"publish","type":"post","link":"http:\/\/fmdelpueblo.ar\/?p=37384","title":{"rendered":"Argentina comenzar\u00e1 a importar energ\u00eda el\u00e9ctrica desde Bolivia"},"content":{"rendered":"<\/p>\n<p>Desde la Empresa Nacional de Energ\u00eda boliviana afirmaron que en pocos d\u00edas empezar\u00e1n a inyectar energ\u00eda a territorio argentino. <a href=\"https:\/\/www.perfil.com\/noticias\/economia\/argentina-importara-energia-electrica-desde-bolivia.phtml\">Leer m\u00e1s<\/a><\/p>\n","protected":false},"excerpt":{"rendered":"<p>Desde la Empresa Nacional de Energ\u00eda boliviana afirmaron que en pocos d\u00edas empezar\u00e1n a inyectar energ\u00eda a territorio argentino. Leer m\u00e1s<\/p>\n","protected":false},"author":0,"featured_media":0,"comment_status":"","ping_status":"","sticky":false,"template":"","format":"standard","meta":{"footnotes":""},"categories":[1],"tags":[],"class_list":["post-37384","post","type-post","status-publish","format-standard","hentry","category-sin-categoria"],"_links":{"self":[{"href":"http:\/\/fmdelpueblo.ar\/index.php?rest_route=\/wp\/v2\/posts\/37384","targetHints":{"allow":["GET"]}}],"collection":[{"href":"http:\/\/fmdelpueblo.ar\/index.php?rest_route=\/wp\/v2\/posts"}],"about":[{"href":"http:\/\/fmdelpueblo.ar\/index.php?rest_route=\/wp\/v2\/types\/post"}],"replies":[{"embeddable":true,"href":"http:\/\/fmdelpueblo.ar\/index.php?rest_route=%2Fwp%2Fv2%2Fcomments&post=37384"}],"version-history":[{"count":0,"href":"http:\/\/fmdelpueblo.ar\/index.php?rest_route=\/wp\/v2\/posts\/37384\/revisions"}],"wp:attachment":[{"href":"http:\/\/fmdelpueblo.ar\/index.php?rest_route=%2Fwp%2Fv2%2Fmedia&parent=37384"}],"wp:term":[{"taxonomy":"category","embeddable":true,"href":"http:\/\/fmdelpueblo.ar\/index.php?rest_route=%2Fwp%2Fv2%2Fcategories&post=37384"},{"taxonomy":"post_tag","embeddable":true,"href":"http:\/\/fmdelpueblo.ar\/index.php?rest_route=%2Fwp%2Fv2%2Ftags&post=37384"}],"curies":[{"name":"wp","href":"https:\/\/api.w.org\/{rel}","templated":true}]}}