{"id":37383,"date":"2023-03-02T20:09:31","date_gmt":"2023-03-02T20:09:31","guid":{"rendered":"http:\/\/fmdelpueblo.ar\/?p=37383"},"modified":"2023-03-02T20:09:31","modified_gmt":"2023-03-02T20:09:31","slug":"arde-la-ciudad-buenos-aires-fue-la-mas-calida-del-pais-e-igualo-un-record-historico","status":"publish","type":"post","link":"http:\/\/fmdelpueblo.ar\/?p=37383","title":{"rendered":"Arde la ciudad: Buenos Aires fue la m\u00e1s c\u00e1lida del pa\u00eds e igual\u00f3 un r\u00e9cord hist\u00f3rico"},"content":{"rendered":"<\/p>\n<p>Con el pico de 37.9 grados la capital argentina igual\u00f3 la m\u00e1xima temperatura registrada para marzo que data de 1952. El SMN no descarta declarar una nueva ola de calor. <a href=\"https:\/\/www.perfil.com\/noticias\/actualidad\/la-ciudad-de-buenos-aires-fue-la-mas-calida-del-pais-e-igualo-un-record-historico.phtml\">Leer m\u00e1s<\/a><\/p>\n","protected":false},"excerpt":{"rendered":"<p>Con el pico de 37.9 grados la capital argentina igual\u00f3 la m\u00e1xima temperatura registrada para marzo que data de 1952. El SMN no descarta declarar una nueva ola de calor. Leer m\u00e1s<\/p>\n","protected":false},"author":0,"featured_media":0,"comment_status":"","ping_status":"","sticky":false,"template":"","format":"standard","meta":{"footnotes":""},"categories":[1],"tags":[],"class_list":["post-37383","post","type-post","status-publish","format-standard","hentry","category-sin-categoria"],"_links":{"self":[{"href":"http:\/\/fmdelpueblo.ar\/index.php?rest_route=\/wp\/v2\/posts\/37383","targetHints":{"allow":["GET"]}}],"collection":[{"href":"http:\/\/fmdelpueblo.ar\/index.php?rest_route=\/wp\/v2\/posts"}],"about":[{"href":"http:\/\/fmdelpueblo.ar\/index.php?rest_route=\/wp\/v2\/types\/post"}],"replies":[{"embeddable":true,"href":"http:\/\/fmdelpueblo.ar\/index.php?rest_route=%2Fwp%2Fv2%2Fcomments&post=37383"}],"version-history":[{"count":0,"href":"http:\/\/fmdelpueblo.ar\/index.php?rest_route=\/wp\/v2\/posts\/37383\/revisions"}],"wp:attachment":[{"href":"http:\/\/fmdelpueblo.ar\/index.php?rest_route=%2Fwp%2Fv2%2Fmedia&parent=37383"}],"wp:term":[{"taxonomy":"category","embeddable":true,"href":"http:\/\/fmdelpueblo.ar\/index.php?rest_route=%2Fwp%2Fv2%2Fcategories&post=37383"},{"taxonomy":"post_tag","embeddable":true,"href":"http:\/\/fmdelpueblo.ar\/index.php?rest_route=%2Fwp%2Fv2%2Ftags&post=37383"}],"curies":[{"name":"wp","href":"https:\/\/api.w.org\/{rel}","templated":true}]}}