{"id":37377,"date":"2023-03-02T18:08:55","date_gmt":"2023-03-02T18:08:55","guid":{"rendered":"http:\/\/fmdelpueblo.ar\/?p=37377"},"modified":"2023-03-02T18:08:55","modified_gmt":"2023-03-02T18:08:55","slug":"beatriz-sarlo-no-me-fui-del-pais-con-la-dictadura-pero-podria-hacerlo-si-hay-un-juicio-politico-a-la-corte","status":"publish","type":"post","link":"http:\/\/fmdelpueblo.ar\/?p=37377","title":{"rendered":"Beatriz Sarlo: \u00abNo me fui del pa\u00eds con la dictadura pero podr\u00eda hacerlo si hay un juicio pol\u00edtico a la Corte\u00bb"},"content":{"rendered":"<\/p>\n<p>La periodista y columnista de Perfil se mostr\u00f3 firmemente en contra del juicio pol\u00edtico a la corte. \u00abVivir mis \u00faltimos a\u00f1os en una dictadura es una prueba a la que le pedir\u00eda a Dios que no me sometiera, si fuera creyente\u00bb, afirm\u00f3. <a href=\"https:\/\/www.perfil.com\/noticias\/modo-fontevecchia\/beatriz-sarlo-no-me-fui-del-pais-con-la-dictadura-pero-podria-hacerlo-si-hay-un-juicio-politico-a-la-corte-modof.phtml\">Leer m\u00e1s<\/a><\/p>\n","protected":false},"excerpt":{"rendered":"<p>La periodista y columnista de Perfil se mostr\u00f3 firmemente en contra del juicio pol\u00edtico a la corte. \u00abVivir mis \u00faltimos a\u00f1os en una dictadura es una prueba a la que le pedir\u00eda a Dios que no me sometiera, si fuera creyente\u00bb, afirm\u00f3. Leer m\u00e1s<\/p>\n","protected":false},"author":0,"featured_media":0,"comment_status":"","ping_status":"","sticky":false,"template":"","format":"standard","meta":{"footnotes":""},"categories":[1],"tags":[],"class_list":["post-37377","post","type-post","status-publish","format-standard","hentry","category-sin-categoria"],"_links":{"self":[{"href":"http:\/\/fmdelpueblo.ar\/index.php?rest_route=\/wp\/v2\/posts\/37377","targetHints":{"allow":["GET"]}}],"collection":[{"href":"http:\/\/fmdelpueblo.ar\/index.php?rest_route=\/wp\/v2\/posts"}],"about":[{"href":"http:\/\/fmdelpueblo.ar\/index.php?rest_route=\/wp\/v2\/types\/post"}],"replies":[{"embeddable":true,"href":"http:\/\/fmdelpueblo.ar\/index.php?rest_route=%2Fwp%2Fv2%2Fcomments&post=37377"}],"version-history":[{"count":0,"href":"http:\/\/fmdelpueblo.ar\/index.php?rest_route=\/wp\/v2\/posts\/37377\/revisions"}],"wp:attachment":[{"href":"http:\/\/fmdelpueblo.ar\/index.php?rest_route=%2Fwp%2Fv2%2Fmedia&parent=37377"}],"wp:term":[{"taxonomy":"category","embeddable":true,"href":"http:\/\/fmdelpueblo.ar\/index.php?rest_route=%2Fwp%2Fv2%2Fcategories&post=37377"},{"taxonomy":"post_tag","embeddable":true,"href":"http:\/\/fmdelpueblo.ar\/index.php?rest_route=%2Fwp%2Fv2%2Ftags&post=37377"}],"curies":[{"name":"wp","href":"https:\/\/api.w.org\/{rel}","templated":true}]}}