{"id":37374,"date":"2023-03-02T17:08:58","date_gmt":"2023-03-02T17:08:58","guid":{"rendered":"https:\/\/fmdelpueblo.ar\/?p=37374"},"modified":"2023-03-02T17:08:58","modified_gmt":"2023-03-02T17:08:58","slug":"el-gobierno-le-pidio-al-canciller-britanico-reiniciar-la-discusion-por-la-soberania-de-malvinas","status":"publish","type":"post","link":"http:\/\/fmdelpueblo.ar\/?p=37374","title":{"rendered":"El gobierno le pidi\u00f3 al canciller brit\u00e1nico reiniciar la discusi\u00f3n por la soberan\u00eda de Malvinas"},"content":{"rendered":"<\/p>\n<p>Tras reunirse con su par brit\u00e1nico James Cleverly, el canciller Santiago Cafiero anunci\u00f3 que el gobierno dej\u00f3 sin efecto un pol\u00e9mico pacto realizado en 2016 que no contemplaba el reclamo de soberan\u00eda por las Islas Malvinas. <a href=\"https:\/\/www.perfil.com\/noticias\/modo-fontevecchia\/el-gobierno-le-pidio-al-canciller-britanico-reiniciar-la-discusion-por-la-soberania-de-malvinas-modof.phtml\">Leer m\u00e1s<\/a><\/p>\n","protected":false},"excerpt":{"rendered":"<p>Tras reunirse con su par brit\u00e1nico James Cleverly, el canciller Santiago Cafiero anunci\u00f3 que el gobierno dej\u00f3 sin efecto un pol\u00e9mico pacto realizado en 2016 que no contemplaba el reclamo de soberan\u00eda por las Islas Malvinas. Leer m\u00e1s<\/p>\n","protected":false},"author":0,"featured_media":0,"comment_status":"","ping_status":"","sticky":false,"template":"","format":"standard","meta":{"footnotes":""},"categories":[1],"tags":[],"class_list":["post-37374","post","type-post","status-publish","format-standard","hentry","category-sin-categoria"],"_links":{"self":[{"href":"http:\/\/fmdelpueblo.ar\/index.php?rest_route=\/wp\/v2\/posts\/37374","targetHints":{"allow":["GET"]}}],"collection":[{"href":"http:\/\/fmdelpueblo.ar\/index.php?rest_route=\/wp\/v2\/posts"}],"about":[{"href":"http:\/\/fmdelpueblo.ar\/index.php?rest_route=\/wp\/v2\/types\/post"}],"replies":[{"embeddable":true,"href":"http:\/\/fmdelpueblo.ar\/index.php?rest_route=%2Fwp%2Fv2%2Fcomments&post=37374"}],"version-history":[{"count":0,"href":"http:\/\/fmdelpueblo.ar\/index.php?rest_route=\/wp\/v2\/posts\/37374\/revisions"}],"wp:attachment":[{"href":"http:\/\/fmdelpueblo.ar\/index.php?rest_route=%2Fwp%2Fv2%2Fmedia&parent=37374"}],"wp:term":[{"taxonomy":"category","embeddable":true,"href":"http:\/\/fmdelpueblo.ar\/index.php?rest_route=%2Fwp%2Fv2%2Fcategories&post=37374"},{"taxonomy":"post_tag","embeddable":true,"href":"http:\/\/fmdelpueblo.ar\/index.php?rest_route=%2Fwp%2Fv2%2Ftags&post=37374"}],"curies":[{"name":"wp","href":"https:\/\/api.w.org\/{rel}","templated":true}]}}