{"id":37373,"date":"2023-03-02T17:08:57","date_gmt":"2023-03-02T17:08:57","guid":{"rendered":"https:\/\/fmdelpueblo.ar\/?p=37373"},"modified":"2023-03-02T17:08:57","modified_gmt":"2023-03-02T17:08:57","slug":"que-paso-con-el-apagon","status":"publish","type":"post","link":"http:\/\/fmdelpueblo.ar\/?p=37373","title":{"rendered":"\u00bfQu\u00e9 pas\u00f3 con el apag\u00f3n?"},"content":{"rendered":"<\/p>\n<p>Se espera que el Gobierno inici\u00e9 pericias para determinar cu\u00e1l fue el motivo por el que el sistema de protecci\u00f3n no funcion\u00f3 como deb\u00eda. <a href=\"https:\/\/www.perfil.com\/noticias\/modo-fontevecchia\/que-paso-con-el-apagon-modof.phtml\">Leer m\u00e1s<\/a><\/p>\n","protected":false},"excerpt":{"rendered":"<p>Se espera que el Gobierno inici\u00e9 pericias para determinar cu\u00e1l fue el motivo por el que el sistema de protecci\u00f3n no funcion\u00f3 como deb\u00eda. Leer m\u00e1s<\/p>\n","protected":false},"author":0,"featured_media":0,"comment_status":"","ping_status":"","sticky":false,"template":"","format":"standard","meta":{"footnotes":""},"categories":[1],"tags":[],"class_list":["post-37373","post","type-post","status-publish","format-standard","hentry","category-sin-categoria"],"_links":{"self":[{"href":"http:\/\/fmdelpueblo.ar\/index.php?rest_route=\/wp\/v2\/posts\/37373","targetHints":{"allow":["GET"]}}],"collection":[{"href":"http:\/\/fmdelpueblo.ar\/index.php?rest_route=\/wp\/v2\/posts"}],"about":[{"href":"http:\/\/fmdelpueblo.ar\/index.php?rest_route=\/wp\/v2\/types\/post"}],"replies":[{"embeddable":true,"href":"http:\/\/fmdelpueblo.ar\/index.php?rest_route=%2Fwp%2Fv2%2Fcomments&post=37373"}],"version-history":[{"count":0,"href":"http:\/\/fmdelpueblo.ar\/index.php?rest_route=\/wp\/v2\/posts\/37373\/revisions"}],"wp:attachment":[{"href":"http:\/\/fmdelpueblo.ar\/index.php?rest_route=%2Fwp%2Fv2%2Fmedia&parent=37373"}],"wp:term":[{"taxonomy":"category","embeddable":true,"href":"http:\/\/fmdelpueblo.ar\/index.php?rest_route=%2Fwp%2Fv2%2Fcategories&post=37373"},{"taxonomy":"post_tag","embeddable":true,"href":"http:\/\/fmdelpueblo.ar\/index.php?rest_route=%2Fwp%2Fv2%2Ftags&post=37373"}],"curies":[{"name":"wp","href":"https:\/\/api.w.org\/{rel}","templated":true}]}}