{"id":37371,"date":"2023-03-02T17:08:56","date_gmt":"2023-03-02T17:08:56","guid":{"rendered":"https:\/\/fmdelpueblo.ar\/?p=37371"},"modified":"2023-03-02T17:08:56","modified_gmt":"2023-03-02T17:08:56","slug":"impresionante-video-una-panadera-se-defendio-con-un-cuchillo-de-un-ladron-armado","status":"publish","type":"post","link":"http:\/\/fmdelpueblo.ar\/?p=37371","title":{"rendered":"Impresionante video: una panadera se defendi\u00f3 con un cuchillo de un ladr\u00f3n armado"},"content":{"rendered":"<\/p>\n<p>La reacci\u00f3n desesperada de una comerciante que intent\u00f3 que no le sacaran la recaudaci\u00f3n por segundo d\u00eda consecutivo. En las im\u00e1genes se puede ver c\u00f3mo el delincuente la amenaza con un arma y ella se defiende con un peque\u00f1o cuchillo. <a href=\"https:\/\/www.perfil.com\/noticias\/sociedad\/impresionante-video-una-panadera-se-defendio-con-un-cuchillo-de-un-ladron-armado.phtml\">Leer m\u00e1s<\/a><\/p>\n","protected":false},"excerpt":{"rendered":"<p>La reacci\u00f3n desesperada de una comerciante que intent\u00f3 que no le sacaran la recaudaci\u00f3n por segundo d\u00eda consecutivo. En las im\u00e1genes se puede ver c\u00f3mo el delincuente la amenaza con un arma y ella se defiende con un peque\u00f1o cuchillo. Leer m\u00e1s<\/p>\n","protected":false},"author":0,"featured_media":0,"comment_status":"","ping_status":"","sticky":false,"template":"","format":"standard","meta":{"footnotes":""},"categories":[1],"tags":[],"class_list":["post-37371","post","type-post","status-publish","format-standard","hentry","category-sin-categoria"],"_links":{"self":[{"href":"http:\/\/fmdelpueblo.ar\/index.php?rest_route=\/wp\/v2\/posts\/37371","targetHints":{"allow":["GET"]}}],"collection":[{"href":"http:\/\/fmdelpueblo.ar\/index.php?rest_route=\/wp\/v2\/posts"}],"about":[{"href":"http:\/\/fmdelpueblo.ar\/index.php?rest_route=\/wp\/v2\/types\/post"}],"replies":[{"embeddable":true,"href":"http:\/\/fmdelpueblo.ar\/index.php?rest_route=%2Fwp%2Fv2%2Fcomments&post=37371"}],"version-history":[{"count":0,"href":"http:\/\/fmdelpueblo.ar\/index.php?rest_route=\/wp\/v2\/posts\/37371\/revisions"}],"wp:attachment":[{"href":"http:\/\/fmdelpueblo.ar\/index.php?rest_route=%2Fwp%2Fv2%2Fmedia&parent=37371"}],"wp:term":[{"taxonomy":"category","embeddable":true,"href":"http:\/\/fmdelpueblo.ar\/index.php?rest_route=%2Fwp%2Fv2%2Fcategories&post=37371"},{"taxonomy":"post_tag","embeddable":true,"href":"http:\/\/fmdelpueblo.ar\/index.php?rest_route=%2Fwp%2Fv2%2Ftags&post=37371"}],"curies":[{"name":"wp","href":"https:\/\/api.w.org\/{rel}","templated":true}]}}