{"id":37370,"date":"2023-03-02T17:08:56","date_gmt":"2023-03-02T17:08:56","guid":{"rendered":"https:\/\/fmdelpueblo.ar\/?p=37370"},"modified":"2023-03-02T17:08:56","modified_gmt":"2023-03-02T17:08:56","slug":"jubilaciones-el-deja-vu-de-tener-que-vivir-con-menos-de-200-dolares-al-mes","status":"publish","type":"post","link":"http:\/\/fmdelpueblo.ar\/?p=37370","title":{"rendered":"Jubilaciones: el \u00abdeja v\u00fa\u00bb de tener que vivir con menos de 200 d\u00f3lares al mes"},"content":{"rendered":"<\/p>\n<p>Hoy la jubilaci\u00f3n m\u00ednima representa unos $200 (blue), un valor similar al que recib\u00edan a fines de los &#8217;90 los jubilados marchaban todos los mi\u00e9rcoles pidiendo aumentos, porque igual que en la actualidad, el monto no permite vivir dignamente.\u00a0<br \/>\n <a href=\"https:\/\/www.perfil.com\/noticias\/economia\/jubilaciones-el-deja-vu-de-tener-que-vivir-con-menos-de-200-dolares-al-mes.phtml\">Leer m\u00e1s<\/a><\/p>\n","protected":false},"excerpt":{"rendered":"<p>Hoy la jubilaci\u00f3n m\u00ednima representa unos $200 (blue), un valor similar al que recib\u00edan a fines de los &#8217;90 los jubilados marchaban todos los mi\u00e9rcoles pidiendo aumentos, porque igual que en la actualidad, el monto no permite vivir dignamente.\u00a0 Leer m\u00e1s<\/p>\n","protected":false},"author":0,"featured_media":0,"comment_status":"","ping_status":"","sticky":false,"template":"","format":"standard","meta":{"footnotes":""},"categories":[1],"tags":[],"class_list":["post-37370","post","type-post","status-publish","format-standard","hentry","category-sin-categoria"],"_links":{"self":[{"href":"http:\/\/fmdelpueblo.ar\/index.php?rest_route=\/wp\/v2\/posts\/37370","targetHints":{"allow":["GET"]}}],"collection":[{"href":"http:\/\/fmdelpueblo.ar\/index.php?rest_route=\/wp\/v2\/posts"}],"about":[{"href":"http:\/\/fmdelpueblo.ar\/index.php?rest_route=\/wp\/v2\/types\/post"}],"replies":[{"embeddable":true,"href":"http:\/\/fmdelpueblo.ar\/index.php?rest_route=%2Fwp%2Fv2%2Fcomments&post=37370"}],"version-history":[{"count":0,"href":"http:\/\/fmdelpueblo.ar\/index.php?rest_route=\/wp\/v2\/posts\/37370\/revisions"}],"wp:attachment":[{"href":"http:\/\/fmdelpueblo.ar\/index.php?rest_route=%2Fwp%2Fv2%2Fmedia&parent=37370"}],"wp:term":[{"taxonomy":"category","embeddable":true,"href":"http:\/\/fmdelpueblo.ar\/index.php?rest_route=%2Fwp%2Fv2%2Fcategories&post=37370"},{"taxonomy":"post_tag","embeddable":true,"href":"http:\/\/fmdelpueblo.ar\/index.php?rest_route=%2Fwp%2Fv2%2Ftags&post=37370"}],"curies":[{"name":"wp","href":"https:\/\/api.w.org\/{rel}","templated":true}]}}