{"id":37368,"date":"2023-03-02T16:09:01","date_gmt":"2023-03-02T16:09:01","guid":{"rendered":"http:\/\/fmdelpueblo.ar\/?p=37368"},"modified":"2023-03-02T16:09:01","modified_gmt":"2023-03-02T16:09:01","slug":"jorge-lapena-el-incendio-prueba-que-el-sistema-energetico-argentino-es-fragil","status":"publish","type":"post","link":"http:\/\/fmdelpueblo.ar\/?p=37368","title":{"rendered":"Jorge Lape\u00f1a: \u00abEl incendio prueba que el sistema energ\u00e9tico argentino es fr\u00e1gil\u00bb"},"content":{"rendered":"<\/p>\n<p>El exsecretario de Energ\u00eda analiz\u00f3 la falla energ\u00e9tica que dej\u00f3 sin luz a la mitad del pa\u00eds e hizo hincapi\u00e9 en que es necesaria una pericia para determinar por qu\u00e9 fall\u00f3 el sistema de protecci\u00f3n. <a href=\"https:\/\/www.perfil.com\/noticias\/modo-fontevecchia\/jorge-lapena-el-incendio-prueba-que-el-sistema-energetico-argentino-es-fragil-modof.phtml\">Leer m\u00e1s<\/a><\/p>\n","protected":false},"excerpt":{"rendered":"<p>El exsecretario de Energ\u00eda analiz\u00f3 la falla energ\u00e9tica que dej\u00f3 sin luz a la mitad del pa\u00eds e hizo hincapi\u00e9 en que es necesaria una pericia para determinar por qu\u00e9 fall\u00f3 el sistema de protecci\u00f3n. Leer m\u00e1s<\/p>\n","protected":false},"author":0,"featured_media":0,"comment_status":"","ping_status":"","sticky":false,"template":"","format":"standard","meta":{"footnotes":""},"categories":[1],"tags":[],"class_list":["post-37368","post","type-post","status-publish","format-standard","hentry","category-sin-categoria"],"_links":{"self":[{"href":"http:\/\/fmdelpueblo.ar\/index.php?rest_route=\/wp\/v2\/posts\/37368","targetHints":{"allow":["GET"]}}],"collection":[{"href":"http:\/\/fmdelpueblo.ar\/index.php?rest_route=\/wp\/v2\/posts"}],"about":[{"href":"http:\/\/fmdelpueblo.ar\/index.php?rest_route=\/wp\/v2\/types\/post"}],"replies":[{"embeddable":true,"href":"http:\/\/fmdelpueblo.ar\/index.php?rest_route=%2Fwp%2Fv2%2Fcomments&post=37368"}],"version-history":[{"count":0,"href":"http:\/\/fmdelpueblo.ar\/index.php?rest_route=\/wp\/v2\/posts\/37368\/revisions"}],"wp:attachment":[{"href":"http:\/\/fmdelpueblo.ar\/index.php?rest_route=%2Fwp%2Fv2%2Fmedia&parent=37368"}],"wp:term":[{"taxonomy":"category","embeddable":true,"href":"http:\/\/fmdelpueblo.ar\/index.php?rest_route=%2Fwp%2Fv2%2Fcategories&post=37368"},{"taxonomy":"post_tag","embeddable":true,"href":"http:\/\/fmdelpueblo.ar\/index.php?rest_route=%2Fwp%2Fv2%2Ftags&post=37368"}],"curies":[{"name":"wp","href":"https:\/\/api.w.org\/{rel}","templated":true}]}}