{"id":37367,"date":"2023-03-02T16:09:01","date_gmt":"2023-03-02T16:09:01","guid":{"rendered":"http:\/\/fmdelpueblo.ar\/?p=37367"},"modified":"2023-03-02T16:09:01","modified_gmt":"2023-03-02T16:09:01","slug":"alberto-iribarne-seria-muy-posible-que-alberto-fernandez-se-presente-a-la-reeleccion","status":"publish","type":"post","link":"http:\/\/fmdelpueblo.ar\/?p=37367","title":{"rendered":"Alberto Iribarne: \u00abSer\u00eda muy posible que Alberto Fern\u00e1ndez se presente a la reelecci\u00f3n\u00bb"},"content":{"rendered":"<\/p>\n<p>El embajador argentino en Uruguay y persona de confianza del mandatario asegur\u00f3 que el Presidente podr\u00eda volver a postularse. \u00abEs un hombre que enfrenta las adversidades\u00bb, destac\u00f3.  <a href=\"https:\/\/www.perfil.com\/noticias\/modo-fontevecchia\/alberto-iribarne-seria-muy-posible-que-alberto-se-presente-a-la-reeleccion-modof.phtml\">Leer m\u00e1s<\/a><\/p>\n","protected":false},"excerpt":{"rendered":"<p>El embajador argentino en Uruguay y persona de confianza del mandatario asegur\u00f3 que el Presidente podr\u00eda volver a postularse. \u00abEs un hombre que enfrenta las adversidades\u00bb, destac\u00f3. Leer m\u00e1s<\/p>\n","protected":false},"author":0,"featured_media":0,"comment_status":"","ping_status":"","sticky":false,"template":"","format":"standard","meta":{"footnotes":""},"categories":[1],"tags":[],"class_list":["post-37367","post","type-post","status-publish","format-standard","hentry","category-sin-categoria"],"_links":{"self":[{"href":"http:\/\/fmdelpueblo.ar\/index.php?rest_route=\/wp\/v2\/posts\/37367","targetHints":{"allow":["GET"]}}],"collection":[{"href":"http:\/\/fmdelpueblo.ar\/index.php?rest_route=\/wp\/v2\/posts"}],"about":[{"href":"http:\/\/fmdelpueblo.ar\/index.php?rest_route=\/wp\/v2\/types\/post"}],"replies":[{"embeddable":true,"href":"http:\/\/fmdelpueblo.ar\/index.php?rest_route=%2Fwp%2Fv2%2Fcomments&post=37367"}],"version-history":[{"count":0,"href":"http:\/\/fmdelpueblo.ar\/index.php?rest_route=\/wp\/v2\/posts\/37367\/revisions"}],"wp:attachment":[{"href":"http:\/\/fmdelpueblo.ar\/index.php?rest_route=%2Fwp%2Fv2%2Fmedia&parent=37367"}],"wp:term":[{"taxonomy":"category","embeddable":true,"href":"http:\/\/fmdelpueblo.ar\/index.php?rest_route=%2Fwp%2Fv2%2Fcategories&post=37367"},{"taxonomy":"post_tag","embeddable":true,"href":"http:\/\/fmdelpueblo.ar\/index.php?rest_route=%2Fwp%2Fv2%2Ftags&post=37367"}],"curies":[{"name":"wp","href":"https:\/\/api.w.org\/{rel}","templated":true}]}}