{"id":37366,"date":"2023-03-02T16:09:00","date_gmt":"2023-03-02T16:09:00","guid":{"rendered":"http:\/\/fmdelpueblo.ar\/?p=37366"},"modified":"2023-03-02T16:09:00","modified_gmt":"2023-03-02T16:09:00","slug":"el-oficialismo-sospecha-que-los-incendios-que-provocaron-el-apagon-fueron-intencionales","status":"publish","type":"post","link":"http:\/\/fmdelpueblo.ar\/?p=37366","title":{"rendered":"El oficialismo sospecha que los incendios que provocaron el apag\u00f3n fueron intencionales"},"content":{"rendered":"<\/p>\n<p>Este mi\u00e9rcoles, gran parte del pa\u00eds se vio perjudicado ante la falta de suministro el\u00e9ctrico, por lo que el Gobierno realiz\u00f3 una denuncia penal en la Justicia de Campana. <a href=\"https:\/\/www.perfil.com\/noticias\/modo-fontevecchia\/el-oficialismo-sospecha-de-que-los-incendios-que-provocaron-el-apagon-fueron-intencionales-modof.phtml\">Leer m\u00e1s<\/a><\/p>\n","protected":false},"excerpt":{"rendered":"<p>Este mi\u00e9rcoles, gran parte del pa\u00eds se vio perjudicado ante la falta de suministro el\u00e9ctrico, por lo que el Gobierno realiz\u00f3 una denuncia penal en la Justicia de Campana. Leer m\u00e1s<\/p>\n","protected":false},"author":0,"featured_media":0,"comment_status":"","ping_status":"","sticky":false,"template":"","format":"standard","meta":{"footnotes":""},"categories":[1],"tags":[],"class_list":["post-37366","post","type-post","status-publish","format-standard","hentry","category-sin-categoria"],"_links":{"self":[{"href":"http:\/\/fmdelpueblo.ar\/index.php?rest_route=\/wp\/v2\/posts\/37366","targetHints":{"allow":["GET"]}}],"collection":[{"href":"http:\/\/fmdelpueblo.ar\/index.php?rest_route=\/wp\/v2\/posts"}],"about":[{"href":"http:\/\/fmdelpueblo.ar\/index.php?rest_route=\/wp\/v2\/types\/post"}],"replies":[{"embeddable":true,"href":"http:\/\/fmdelpueblo.ar\/index.php?rest_route=%2Fwp%2Fv2%2Fcomments&post=37366"}],"version-history":[{"count":0,"href":"http:\/\/fmdelpueblo.ar\/index.php?rest_route=\/wp\/v2\/posts\/37366\/revisions"}],"wp:attachment":[{"href":"http:\/\/fmdelpueblo.ar\/index.php?rest_route=%2Fwp%2Fv2%2Fmedia&parent=37366"}],"wp:term":[{"taxonomy":"category","embeddable":true,"href":"http:\/\/fmdelpueblo.ar\/index.php?rest_route=%2Fwp%2Fv2%2Fcategories&post=37366"},{"taxonomy":"post_tag","embeddable":true,"href":"http:\/\/fmdelpueblo.ar\/index.php?rest_route=%2Fwp%2Fv2%2Ftags&post=37366"}],"curies":[{"name":"wp","href":"https:\/\/api.w.org\/{rel}","templated":true}]}}