{"id":37365,"date":"2023-03-02T16:09:00","date_gmt":"2023-03-02T16:09:00","guid":{"rendered":"http:\/\/fmdelpueblo.ar\/?p=37365"},"modified":"2023-03-02T16:09:00","modified_gmt":"2023-03-02T16:09:00","slug":"fue-la-foto-con-mauricio-macri-el-causante-de-la-balacera-y-la-amenaza-a-lionel-messi","status":"publish","type":"post","link":"http:\/\/fmdelpueblo.ar\/?p=37365","title":{"rendered":"\u00bfFue la foto con Mauricio Macri el causante de la balacera y la amenaza a Lionel Messi?"},"content":{"rendered":"<\/p>\n<p>A partir de la imagen del expresidente con el jugador de la Selecci\u00f3n Argentina, naci\u00f3 la hip\u00f3tesis de que esa imagen podr\u00eda haber sido la causante de las amenazas al jugador. <a href=\"https:\/\/www.perfil.com\/noticias\/modo-fontevecchia\/fue-macri-el-causante-de-la-balacera-y-la-amenaza-a-messi-modof.phtml\">Leer m\u00e1s<\/a><\/p>\n","protected":false},"excerpt":{"rendered":"<p>A partir de la imagen del expresidente con el jugador de la Selecci\u00f3n Argentina, naci\u00f3 la hip\u00f3tesis de que esa imagen podr\u00eda haber sido la causante de las amenazas al jugador. Leer m\u00e1s<\/p>\n","protected":false},"author":0,"featured_media":0,"comment_status":"","ping_status":"","sticky":false,"template":"","format":"standard","meta":{"footnotes":""},"categories":[1],"tags":[],"class_list":["post-37365","post","type-post","status-publish","format-standard","hentry","category-sin-categoria"],"_links":{"self":[{"href":"http:\/\/fmdelpueblo.ar\/index.php?rest_route=\/wp\/v2\/posts\/37365","targetHints":{"allow":["GET"]}}],"collection":[{"href":"http:\/\/fmdelpueblo.ar\/index.php?rest_route=\/wp\/v2\/posts"}],"about":[{"href":"http:\/\/fmdelpueblo.ar\/index.php?rest_route=\/wp\/v2\/types\/post"}],"replies":[{"embeddable":true,"href":"http:\/\/fmdelpueblo.ar\/index.php?rest_route=%2Fwp%2Fv2%2Fcomments&post=37365"}],"version-history":[{"count":0,"href":"http:\/\/fmdelpueblo.ar\/index.php?rest_route=\/wp\/v2\/posts\/37365\/revisions"}],"wp:attachment":[{"href":"http:\/\/fmdelpueblo.ar\/index.php?rest_route=%2Fwp%2Fv2%2Fmedia&parent=37365"}],"wp:term":[{"taxonomy":"category","embeddable":true,"href":"http:\/\/fmdelpueblo.ar\/index.php?rest_route=%2Fwp%2Fv2%2Fcategories&post=37365"},{"taxonomy":"post_tag","embeddable":true,"href":"http:\/\/fmdelpueblo.ar\/index.php?rest_route=%2Fwp%2Fv2%2Ftags&post=37365"}],"curies":[{"name":"wp","href":"https:\/\/api.w.org\/{rel}","templated":true}]}}