{"id":37363,"date":"2023-03-02T15:09:03","date_gmt":"2023-03-02T15:09:03","guid":{"rendered":"https:\/\/fmdelpueblo.ar\/?p=37363"},"modified":"2023-03-02T15:09:03","modified_gmt":"2023-03-02T15:09:03","slug":"la-recaudacion-tributaria-aumento-en-febrero-pero-por-debajo-del-ipc","status":"publish","type":"post","link":"http:\/\/fmdelpueblo.ar\/?p=37363","title":{"rendered":"La recaudaci\u00f3n tributaria aument\u00f3 en febrero, pero por debajo del IPC"},"content":{"rendered":"<\/p>\n<p>Seg\u00fan los datos de la AFIP, la recaudaci\u00f3n tributaria alcanz\u00f3 en febrero los $2,1 billones. Analistas adelantan que vendr\u00e1 una ca\u00edda para los meses venideros por los efectos de la sequ\u00eda.<br \/>\n <a href=\"https:\/\/www.perfil.com\/noticias\/economia\/recaudacion-tributaria-aumento-en-febrero-pero-por-debajo-de-la-inflacion.phtml\">Leer m\u00e1s<\/a><\/p>\n","protected":false},"excerpt":{"rendered":"<p>Seg\u00fan los datos de la AFIP, la recaudaci\u00f3n tributaria alcanz\u00f3 en febrero los $2,1 billones. Analistas adelantan que vendr\u00e1 una ca\u00edda para los meses venideros por los efectos de la sequ\u00eda. Leer m\u00e1s<\/p>\n","protected":false},"author":0,"featured_media":0,"comment_status":"","ping_status":"","sticky":false,"template":"","format":"standard","meta":{"footnotes":""},"categories":[1],"tags":[],"class_list":["post-37363","post","type-post","status-publish","format-standard","hentry","category-sin-categoria"],"_links":{"self":[{"href":"http:\/\/fmdelpueblo.ar\/index.php?rest_route=\/wp\/v2\/posts\/37363","targetHints":{"allow":["GET"]}}],"collection":[{"href":"http:\/\/fmdelpueblo.ar\/index.php?rest_route=\/wp\/v2\/posts"}],"about":[{"href":"http:\/\/fmdelpueblo.ar\/index.php?rest_route=\/wp\/v2\/types\/post"}],"replies":[{"embeddable":true,"href":"http:\/\/fmdelpueblo.ar\/index.php?rest_route=%2Fwp%2Fv2%2Fcomments&post=37363"}],"version-history":[{"count":0,"href":"http:\/\/fmdelpueblo.ar\/index.php?rest_route=\/wp\/v2\/posts\/37363\/revisions"}],"wp:attachment":[{"href":"http:\/\/fmdelpueblo.ar\/index.php?rest_route=%2Fwp%2Fv2%2Fmedia&parent=37363"}],"wp:term":[{"taxonomy":"category","embeddable":true,"href":"http:\/\/fmdelpueblo.ar\/index.php?rest_route=%2Fwp%2Fv2%2Fcategories&post=37363"},{"taxonomy":"post_tag","embeddable":true,"href":"http:\/\/fmdelpueblo.ar\/index.php?rest_route=%2Fwp%2Fv2%2Ftags&post=37363"}],"curies":[{"name":"wp","href":"https:\/\/api.w.org\/{rel}","templated":true}]}}