{"id":37356,"date":"2023-03-02T14:09:15","date_gmt":"2023-03-02T14:09:15","guid":{"rendered":"https:\/\/fmdelpueblo.ar\/?p=37356"},"modified":"2023-03-02T14:09:15","modified_gmt":"2023-03-02T14:09:15","slug":"alquilar-un-departamento-de-dos-ambientes-en-caba-ya-cuesta-mas-de-100-mil","status":"publish","type":"post","link":"http:\/\/fmdelpueblo.ar\/?p=37356","title":{"rendered":"Alquilar un departamento de dos ambientes en CABA ya cuesta m\u00e1s de $100 mil"},"content":{"rendered":"<\/p>\n<p>Un informe privado reflej\u00f3 que en el segundo mes del a\u00f1o, el precio promedio de un departamento de dos ambientes en la Ciudad de Buenos Aires lleg\u00f3 a los $107 mil. El incremento de precios de alquiler registr\u00f3 una aceleraci\u00f3n de 8,6%. <a href=\"https:\/\/www.perfil.com\/noticias\/economia\/alquilar-un-departamento-de-dos-ambientes-en-caba-ya-cuesta-mas-de-100-mil.phtml\">Leer m\u00e1s<\/a><\/p>\n","protected":false},"excerpt":{"rendered":"<p>Un informe privado reflej\u00f3 que en el segundo mes del a\u00f1o, el precio promedio de un departamento de dos ambientes en la Ciudad de Buenos Aires lleg\u00f3 a los $107 mil. El incremento de precios de alquiler registr\u00f3 una aceleraci\u00f3n de 8,6%. Leer m\u00e1s<\/p>\n","protected":false},"author":0,"featured_media":0,"comment_status":"","ping_status":"","sticky":false,"template":"","format":"standard","meta":{"footnotes":""},"categories":[1],"tags":[],"class_list":["post-37356","post","type-post","status-publish","format-standard","hentry","category-sin-categoria"],"_links":{"self":[{"href":"http:\/\/fmdelpueblo.ar\/index.php?rest_route=\/wp\/v2\/posts\/37356","targetHints":{"allow":["GET"]}}],"collection":[{"href":"http:\/\/fmdelpueblo.ar\/index.php?rest_route=\/wp\/v2\/posts"}],"about":[{"href":"http:\/\/fmdelpueblo.ar\/index.php?rest_route=\/wp\/v2\/types\/post"}],"replies":[{"embeddable":true,"href":"http:\/\/fmdelpueblo.ar\/index.php?rest_route=%2Fwp%2Fv2%2Fcomments&post=37356"}],"version-history":[{"count":0,"href":"http:\/\/fmdelpueblo.ar\/index.php?rest_route=\/wp\/v2\/posts\/37356\/revisions"}],"wp:attachment":[{"href":"http:\/\/fmdelpueblo.ar\/index.php?rest_route=%2Fwp%2Fv2%2Fmedia&parent=37356"}],"wp:term":[{"taxonomy":"category","embeddable":true,"href":"http:\/\/fmdelpueblo.ar\/index.php?rest_route=%2Fwp%2Fv2%2Fcategories&post=37356"},{"taxonomy":"post_tag","embeddable":true,"href":"http:\/\/fmdelpueblo.ar\/index.php?rest_route=%2Fwp%2Fv2%2Ftags&post=37356"}],"curies":[{"name":"wp","href":"https:\/\/api.w.org\/{rel}","templated":true}]}}