{"id":37355,"date":"2023-03-02T14:09:15","date_gmt":"2023-03-02T14:09:15","guid":{"rendered":"https:\/\/fmdelpueblo.ar\/?p=37355"},"modified":"2023-03-02T14:09:15","modified_gmt":"2023-03-02T14:09:15","slug":"fernando-chino-navarro-el-presidente-dijo-lo-que-pensamos-muchos-de-la-justicia","status":"publish","type":"post","link":"http:\/\/fmdelpueblo.ar\/?p=37355","title":{"rendered":"Fernando \u00abChino\u00bb Navarro: \u00abEl Presidente dijo lo que pensamos muchos de la Justicia\u00bb"},"content":{"rendered":"<\/p>\n<p>El dirigente del Movimiento Evita apoy\u00f3 el discurso de Alberto Fern\u00e1ndez en el Congreso y, adem\u00e1s, declin\u00f3 las especulaciones en relaci\u00f3n a su ausencia. <a href=\"https:\/\/www.perfil.com\/noticias\/modo-fontevecchia\/fernando-chino-navarro-el-presidente-dijo-lo-que-pensamos-muchos-de-la-justicia-modof.phtml\">Leer m\u00e1s<\/a><\/p>\n","protected":false},"excerpt":{"rendered":"<p>El dirigente del Movimiento Evita apoy\u00f3 el discurso de Alberto Fern\u00e1ndez en el Congreso y, adem\u00e1s, declin\u00f3 las especulaciones en relaci\u00f3n a su ausencia. Leer m\u00e1s<\/p>\n","protected":false},"author":0,"featured_media":0,"comment_status":"","ping_status":"","sticky":false,"template":"","format":"standard","meta":{"footnotes":""},"categories":[1],"tags":[],"class_list":["post-37355","post","type-post","status-publish","format-standard","hentry","category-sin-categoria"],"_links":{"self":[{"href":"http:\/\/fmdelpueblo.ar\/index.php?rest_route=\/wp\/v2\/posts\/37355","targetHints":{"allow":["GET"]}}],"collection":[{"href":"http:\/\/fmdelpueblo.ar\/index.php?rest_route=\/wp\/v2\/posts"}],"about":[{"href":"http:\/\/fmdelpueblo.ar\/index.php?rest_route=\/wp\/v2\/types\/post"}],"replies":[{"embeddable":true,"href":"http:\/\/fmdelpueblo.ar\/index.php?rest_route=%2Fwp%2Fv2%2Fcomments&post=37355"}],"version-history":[{"count":0,"href":"http:\/\/fmdelpueblo.ar\/index.php?rest_route=\/wp\/v2\/posts\/37355\/revisions"}],"wp:attachment":[{"href":"http:\/\/fmdelpueblo.ar\/index.php?rest_route=%2Fwp%2Fv2%2Fmedia&parent=37355"}],"wp:term":[{"taxonomy":"category","embeddable":true,"href":"http:\/\/fmdelpueblo.ar\/index.php?rest_route=%2Fwp%2Fv2%2Fcategories&post=37355"},{"taxonomy":"post_tag","embeddable":true,"href":"http:\/\/fmdelpueblo.ar\/index.php?rest_route=%2Fwp%2Fv2%2Ftags&post=37355"}],"curies":[{"name":"wp","href":"https:\/\/api.w.org\/{rel}","templated":true}]}}