{"id":37353,"date":"2023-03-02T14:09:14","date_gmt":"2023-03-02T14:09:14","guid":{"rendered":"https:\/\/fmdelpueblo.ar\/?p=37353"},"modified":"2023-03-02T14:09:14","modified_gmt":"2023-03-02T14:09:14","slug":"el-severo-castigo-que-el-colegio-les-imponia-a-las-gemelas-argentinas-por-defenderse-del-bullying","status":"publish","type":"post","link":"http:\/\/fmdelpueblo.ar\/?p=37353","title":{"rendered":"El severo castigo que el colegio les impon\u00eda a las gemelas argentinas por defenderse del bullying"},"content":{"rendered":"<\/p>\n<p>Alumnos del colegio al que asist\u00edan las ni\u00f1as contaron que cuando ellas respond\u00edan a las agresiones, la instituci\u00f3n les aplicaba una sanci\u00f3n a\u00fan m\u00e1s dura. <a href=\"https:\/\/www.perfil.com\/noticias\/internacional\/el-severo-castigo-que-el-colegio-les-ponia-a-las-gemelas-argentinas-por-defenderse-del-bulliying.phtml\">Leer m\u00e1s<\/a><\/p>\n","protected":false},"excerpt":{"rendered":"<p>Alumnos del colegio al que asist\u00edan las ni\u00f1as contaron que cuando ellas respond\u00edan a las agresiones, la instituci\u00f3n les aplicaba una sanci\u00f3n a\u00fan m\u00e1s dura. Leer m\u00e1s<\/p>\n","protected":false},"author":0,"featured_media":0,"comment_status":"","ping_status":"","sticky":false,"template":"","format":"standard","meta":{"footnotes":""},"categories":[1],"tags":[],"class_list":["post-37353","post","type-post","status-publish","format-standard","hentry","category-sin-categoria"],"_links":{"self":[{"href":"http:\/\/fmdelpueblo.ar\/index.php?rest_route=\/wp\/v2\/posts\/37353","targetHints":{"allow":["GET"]}}],"collection":[{"href":"http:\/\/fmdelpueblo.ar\/index.php?rest_route=\/wp\/v2\/posts"}],"about":[{"href":"http:\/\/fmdelpueblo.ar\/index.php?rest_route=\/wp\/v2\/types\/post"}],"replies":[{"embeddable":true,"href":"http:\/\/fmdelpueblo.ar\/index.php?rest_route=%2Fwp%2Fv2%2Fcomments&post=37353"}],"version-history":[{"count":0,"href":"http:\/\/fmdelpueblo.ar\/index.php?rest_route=\/wp\/v2\/posts\/37353\/revisions"}],"wp:attachment":[{"href":"http:\/\/fmdelpueblo.ar\/index.php?rest_route=%2Fwp%2Fv2%2Fmedia&parent=37353"}],"wp:term":[{"taxonomy":"category","embeddable":true,"href":"http:\/\/fmdelpueblo.ar\/index.php?rest_route=%2Fwp%2Fv2%2Fcategories&post=37353"},{"taxonomy":"post_tag","embeddable":true,"href":"http:\/\/fmdelpueblo.ar\/index.php?rest_route=%2Fwp%2Fv2%2Ftags&post=37353"}],"curies":[{"name":"wp","href":"https:\/\/api.w.org\/{rel}","templated":true}]}}