{"id":37350,"date":"2023-03-02T13:09:46","date_gmt":"2023-03-02T13:09:46","guid":{"rendered":"http:\/\/fmdelpueblo.ar\/?p=37350"},"modified":"2023-03-02T13:09:46","modified_gmt":"2023-03-02T13:09:46","slug":"cancilleria-finaliza-un-acuerdo-sobre-malvinas-con-el-reino-unido-firmado-por-macri","status":"publish","type":"post","link":"http:\/\/fmdelpueblo.ar\/?p=37350","title":{"rendered":"Canciller\u00eda finaliza un acuerdo sobre Malvinas con el Reino Unido firmado por Macri"},"content":{"rendered":"<\/p>\n<p>Se trata del pacto comercial Foradori-Duncan, rubicado en 2016. Adem\u00e1s habr\u00e1 una reuni\u00f3n en la ONU para \u00abreiniciar la discusi\u00f3n por la soberan\u00eda\u00bb.  <a href=\"https:\/\/www.perfil.com\/noticias\/politica\/malvinas-cancilleria-anuncio-que-finalizara-un-acuerdo-con-gran-bretana-que-habia-firmado-macri.phtml\">Leer m\u00e1s<\/a><\/p>\n","protected":false},"excerpt":{"rendered":"<p>Se trata del pacto comercial Foradori-Duncan, rubicado en 2016. Adem\u00e1s habr\u00e1 una reuni\u00f3n en la ONU para \u00abreiniciar la discusi\u00f3n por la soberan\u00eda\u00bb. Leer m\u00e1s<\/p>\n","protected":false},"author":0,"featured_media":0,"comment_status":"","ping_status":"","sticky":false,"template":"","format":"standard","meta":{"footnotes":""},"categories":[1],"tags":[],"class_list":["post-37350","post","type-post","status-publish","format-standard","hentry","category-sin-categoria"],"_links":{"self":[{"href":"http:\/\/fmdelpueblo.ar\/index.php?rest_route=\/wp\/v2\/posts\/37350","targetHints":{"allow":["GET"]}}],"collection":[{"href":"http:\/\/fmdelpueblo.ar\/index.php?rest_route=\/wp\/v2\/posts"}],"about":[{"href":"http:\/\/fmdelpueblo.ar\/index.php?rest_route=\/wp\/v2\/types\/post"}],"replies":[{"embeddable":true,"href":"http:\/\/fmdelpueblo.ar\/index.php?rest_route=%2Fwp%2Fv2%2Fcomments&post=37350"}],"version-history":[{"count":0,"href":"http:\/\/fmdelpueblo.ar\/index.php?rest_route=\/wp\/v2\/posts\/37350\/revisions"}],"wp:attachment":[{"href":"http:\/\/fmdelpueblo.ar\/index.php?rest_route=%2Fwp%2Fv2%2Fmedia&parent=37350"}],"wp:term":[{"taxonomy":"category","embeddable":true,"href":"http:\/\/fmdelpueblo.ar\/index.php?rest_route=%2Fwp%2Fv2%2Fcategories&post=37350"},{"taxonomy":"post_tag","embeddable":true,"href":"http:\/\/fmdelpueblo.ar\/index.php?rest_route=%2Fwp%2Fv2%2Ftags&post=37350"}],"curies":[{"name":"wp","href":"https:\/\/api.w.org\/{rel}","templated":true}]}}