{"id":37342,"date":"2023-03-02T11:11:22","date_gmt":"2023-03-02T11:11:22","guid":{"rendered":"https:\/\/fmdelpueblo.ar\/?p=37342"},"modified":"2023-03-02T11:11:22","modified_gmt":"2023-03-02T11:11:22","slug":"coparticipacion-rodriguez-larreta-le-respondio-a-alberto-fernandez-tiene-que-cumplir-el-fallo-de-la-corte","status":"publish","type":"post","link":"http:\/\/fmdelpueblo.ar\/?p=37342","title":{"rendered":"Coparticipaci\u00f3n | Rodr\u00edguez Larreta le respondi\u00f3 a Alberto Fern\u00e1ndez: \u00abTiene que cumplir el fallo de la Corte\u00bb"},"content":{"rendered":"<\/p>\n<p>El jefe de Gobierno porte\u00f1o insisti\u00f3 en que \u00ablos fallos de la Corte no se interpretan, se cumplen\u00bb y dijo que el accionar del mandatario afectar\u00e1 las inversiones en el pa\u00eds. <a href=\"https:\/\/www.perfil.com\/noticias\/politica\/larreta-le-respondio-a-alberto-fernandez-por-la-coparticipacion-tiene-que-cumplir-el-fallo-de-la-corte-y-punto.phtml\">Leer m\u00e1s<\/a><\/p>\n","protected":false},"excerpt":{"rendered":"<p>El jefe de Gobierno porte\u00f1o insisti\u00f3 en que \u00ablos fallos de la Corte no se interpretan, se cumplen\u00bb y dijo que el accionar del mandatario afectar\u00e1 las inversiones en el pa\u00eds. Leer m\u00e1s<\/p>\n","protected":false},"author":0,"featured_media":0,"comment_status":"","ping_status":"","sticky":false,"template":"","format":"standard","meta":{"footnotes":""},"categories":[1],"tags":[],"class_list":["post-37342","post","type-post","status-publish","format-standard","hentry","category-sin-categoria"],"_links":{"self":[{"href":"http:\/\/fmdelpueblo.ar\/index.php?rest_route=\/wp\/v2\/posts\/37342","targetHints":{"allow":["GET"]}}],"collection":[{"href":"http:\/\/fmdelpueblo.ar\/index.php?rest_route=\/wp\/v2\/posts"}],"about":[{"href":"http:\/\/fmdelpueblo.ar\/index.php?rest_route=\/wp\/v2\/types\/post"}],"replies":[{"embeddable":true,"href":"http:\/\/fmdelpueblo.ar\/index.php?rest_route=%2Fwp%2Fv2%2Fcomments&post=37342"}],"version-history":[{"count":0,"href":"http:\/\/fmdelpueblo.ar\/index.php?rest_route=\/wp\/v2\/posts\/37342\/revisions"}],"wp:attachment":[{"href":"http:\/\/fmdelpueblo.ar\/index.php?rest_route=%2Fwp%2Fv2%2Fmedia&parent=37342"}],"wp:term":[{"taxonomy":"category","embeddable":true,"href":"http:\/\/fmdelpueblo.ar\/index.php?rest_route=%2Fwp%2Fv2%2Fcategories&post=37342"},{"taxonomy":"post_tag","embeddable":true,"href":"http:\/\/fmdelpueblo.ar\/index.php?rest_route=%2Fwp%2Fv2%2Ftags&post=37342"}],"curies":[{"name":"wp","href":"https:\/\/api.w.org\/{rel}","templated":true}]}}