{"id":37339,"date":"2023-03-02T11:11:20","date_gmt":"2023-03-02T11:11:20","guid":{"rendered":"https:\/\/fmdelpueblo.ar\/?p=37339"},"modified":"2023-03-02T11:11:20","modified_gmt":"2023-03-02T11:11:20","slug":"universidades-sin-mujeres-en-afganistan","status":"publish","type":"post","link":"http:\/\/fmdelpueblo.ar\/?p=37339","title":{"rendered":"Universidades sin mujeres en Afganist\u00e1n"},"content":{"rendered":"<\/p>\n<p>El r\u00e9gimen talib\u00e1n, a cargo del gobierno de Afganist\u00e1n, inaugur\u00f3 este mi\u00e9rcoles un nuevo ciclo de educaci\u00f3n superior sin la presencia de mujeres. <a href=\"https:\/\/www.perfil.com\/noticias\/modo-fontevecchia\/universidades-sin-mujeres-en-afganistan-modof.phtml\">Leer m\u00e1s<\/a><\/p>\n","protected":false},"excerpt":{"rendered":"<p>El r\u00e9gimen talib\u00e1n, a cargo del gobierno de Afganist\u00e1n, inaugur\u00f3 este mi\u00e9rcoles un nuevo ciclo de educaci\u00f3n superior sin la presencia de mujeres. Leer m\u00e1s<\/p>\n","protected":false},"author":0,"featured_media":0,"comment_status":"","ping_status":"","sticky":false,"template":"","format":"standard","meta":{"footnotes":""},"categories":[1],"tags":[],"class_list":["post-37339","post","type-post","status-publish","format-standard","hentry","category-sin-categoria"],"_links":{"self":[{"href":"http:\/\/fmdelpueblo.ar\/index.php?rest_route=\/wp\/v2\/posts\/37339","targetHints":{"allow":["GET"]}}],"collection":[{"href":"http:\/\/fmdelpueblo.ar\/index.php?rest_route=\/wp\/v2\/posts"}],"about":[{"href":"http:\/\/fmdelpueblo.ar\/index.php?rest_route=\/wp\/v2\/types\/post"}],"replies":[{"embeddable":true,"href":"http:\/\/fmdelpueblo.ar\/index.php?rest_route=%2Fwp%2Fv2%2Fcomments&post=37339"}],"version-history":[{"count":0,"href":"http:\/\/fmdelpueblo.ar\/index.php?rest_route=\/wp\/v2\/posts\/37339\/revisions"}],"wp:attachment":[{"href":"http:\/\/fmdelpueblo.ar\/index.php?rest_route=%2Fwp%2Fv2%2Fmedia&parent=37339"}],"wp:term":[{"taxonomy":"category","embeddable":true,"href":"http:\/\/fmdelpueblo.ar\/index.php?rest_route=%2Fwp%2Fv2%2Fcategories&post=37339"},{"taxonomy":"post_tag","embeddable":true,"href":"http:\/\/fmdelpueblo.ar\/index.php?rest_route=%2Fwp%2Fv2%2Ftags&post=37339"}],"curies":[{"name":"wp","href":"https:\/\/api.w.org\/{rel}","templated":true}]}}