{"id":37331,"date":"2023-03-02T07:09:01","date_gmt":"2023-03-02T07:09:01","guid":{"rendered":"https:\/\/fmdelpueblo.ar\/?p=37331"},"modified":"2023-03-02T07:09:01","modified_gmt":"2023-03-02T07:09:01","slug":"la-economia-china-muestra-un-solido-repunte-tras-el-fin-de-las-medidas-por-covid","status":"publish","type":"post","link":"http:\/\/fmdelpueblo.ar\/?p=37331","title":{"rendered":"La econom\u00eda china muestra un s\u00f3lido repunte tras el fin de las medidas por Covid"},"content":{"rendered":"<\/p>\n<p>El \u00edndice de gerentes de compras manufacturero subi\u00f3 a 52,6 el mes pasado, dijo el mi\u00e9rcoles la oficina nacional de estad\u00edsticas, la lectura m\u00e1s alta desde abril de 2012. <a href=\"https:\/\/www.perfil.com\/noticias\/bloomberg\/bc-economia-china-muestra-solido-repunte-tras-retiro-medidas-covid.phtml\">Leer m\u00e1s<\/a><\/p>\n","protected":false},"excerpt":{"rendered":"<p>El \u00edndice de gerentes de compras manufacturero subi\u00f3 a 52,6 el mes pasado, dijo el mi\u00e9rcoles la oficina nacional de estad\u00edsticas, la lectura m\u00e1s alta desde abril de 2012. Leer m\u00e1s<\/p>\n","protected":false},"author":0,"featured_media":0,"comment_status":"","ping_status":"","sticky":false,"template":"","format":"standard","meta":{"footnotes":""},"categories":[1],"tags":[],"class_list":["post-37331","post","type-post","status-publish","format-standard","hentry","category-sin-categoria"],"_links":{"self":[{"href":"http:\/\/fmdelpueblo.ar\/index.php?rest_route=\/wp\/v2\/posts\/37331","targetHints":{"allow":["GET"]}}],"collection":[{"href":"http:\/\/fmdelpueblo.ar\/index.php?rest_route=\/wp\/v2\/posts"}],"about":[{"href":"http:\/\/fmdelpueblo.ar\/index.php?rest_route=\/wp\/v2\/types\/post"}],"replies":[{"embeddable":true,"href":"http:\/\/fmdelpueblo.ar\/index.php?rest_route=%2Fwp%2Fv2%2Fcomments&post=37331"}],"version-history":[{"count":0,"href":"http:\/\/fmdelpueblo.ar\/index.php?rest_route=\/wp\/v2\/posts\/37331\/revisions"}],"wp:attachment":[{"href":"http:\/\/fmdelpueblo.ar\/index.php?rest_route=%2Fwp%2Fv2%2Fmedia&parent=37331"}],"wp:term":[{"taxonomy":"category","embeddable":true,"href":"http:\/\/fmdelpueblo.ar\/index.php?rest_route=%2Fwp%2Fv2%2Fcategories&post=37331"},{"taxonomy":"post_tag","embeddable":true,"href":"http:\/\/fmdelpueblo.ar\/index.php?rest_route=%2Fwp%2Fv2%2Ftags&post=37331"}],"curies":[{"name":"wp","href":"https:\/\/api.w.org\/{rel}","templated":true}]}}