{"id":37330,"date":"2023-03-02T05:09:32","date_gmt":"2023-03-02T05:09:32","guid":{"rendered":"http:\/\/fmdelpueblo.ar\/?p=37330"},"modified":"2023-03-02T05:09:32","modified_gmt":"2023-03-02T05:09:32","slug":"argentina-registro-el-verano-mas-calido-desde-1961","status":"publish","type":"post","link":"http:\/\/fmdelpueblo.ar\/?p=37330","title":{"rendered":"Argentina registr\u00f3 el verano m\u00e1s c\u00e1lido desde 1961"},"content":{"rendered":"<\/p>\n<p>El Servicio Meteorol\u00f3gico Nacional inform\u00f3 que las temperaturas de este verano son las m\u00e1s elevadas desde 1961, con 1,6 grados por encima de los valores habituales. <a href=\"https:\/\/www.perfil.com\/noticias\/actualidad\/argentina-registro-verano-mas-calido-desde-1961.phtml\">Leer m\u00e1s<\/a><\/p>\n","protected":false},"excerpt":{"rendered":"<p>El Servicio Meteorol\u00f3gico Nacional inform\u00f3 que las temperaturas de este verano son las m\u00e1s elevadas desde 1961, con 1,6 grados por encima de los valores habituales. Leer m\u00e1s<\/p>\n","protected":false},"author":0,"featured_media":0,"comment_status":"","ping_status":"","sticky":false,"template":"","format":"standard","meta":{"footnotes":""},"categories":[1],"tags":[],"class_list":["post-37330","post","type-post","status-publish","format-standard","hentry","category-sin-categoria"],"_links":{"self":[{"href":"http:\/\/fmdelpueblo.ar\/index.php?rest_route=\/wp\/v2\/posts\/37330","targetHints":{"allow":["GET"]}}],"collection":[{"href":"http:\/\/fmdelpueblo.ar\/index.php?rest_route=\/wp\/v2\/posts"}],"about":[{"href":"http:\/\/fmdelpueblo.ar\/index.php?rest_route=\/wp\/v2\/types\/post"}],"replies":[{"embeddable":true,"href":"http:\/\/fmdelpueblo.ar\/index.php?rest_route=%2Fwp%2Fv2%2Fcomments&post=37330"}],"version-history":[{"count":0,"href":"http:\/\/fmdelpueblo.ar\/index.php?rest_route=\/wp\/v2\/posts\/37330\/revisions"}],"wp:attachment":[{"href":"http:\/\/fmdelpueblo.ar\/index.php?rest_route=%2Fwp%2Fv2%2Fmedia&parent=37330"}],"wp:term":[{"taxonomy":"category","embeddable":true,"href":"http:\/\/fmdelpueblo.ar\/index.php?rest_route=%2Fwp%2Fv2%2Fcategories&post=37330"},{"taxonomy":"post_tag","embeddable":true,"href":"http:\/\/fmdelpueblo.ar\/index.php?rest_route=%2Fwp%2Fv2%2Ftags&post=37330"}],"curies":[{"name":"wp","href":"https:\/\/api.w.org\/{rel}","templated":true}]}}