{"id":37329,"date":"2023-03-02T04:09:27","date_gmt":"2023-03-02T04:09:27","guid":{"rendered":"http:\/\/fmdelpueblo.ar\/?p=37329"},"modified":"2023-03-02T04:09:27","modified_gmt":"2023-03-02T04:09:27","slug":"el-papa-francisco-recorta-beneficios-a-los-cardenales-y-administradores-de-la-santa-sede","status":"publish","type":"post","link":"http:\/\/fmdelpueblo.ar\/?p=37329","title":{"rendered":"El Papa Francisco recorta beneficios a los cardenales y administradores de la Santa Sede"},"content":{"rendered":"<\/p>\n<p>Seg\u00fan un comunicado del Vaticano, la decisi\u00f3n se debe a la grave situaci\u00f3n econ\u00f3mica internacional, que afecta tambi\u00e9n los ingresos de la Iglesia. <a href=\"https:\/\/www.perfil.com\/noticias\/internacional\/papa-francisco-recorta-beneficios-cardenales-administradores-santa-sede.phtml\">Leer m\u00e1s<\/a><\/p>\n","protected":false},"excerpt":{"rendered":"<p>Seg\u00fan un comunicado del Vaticano, la decisi\u00f3n se debe a la grave situaci\u00f3n econ\u00f3mica internacional, que afecta tambi\u00e9n los ingresos de la Iglesia. Leer m\u00e1s<\/p>\n","protected":false},"author":0,"featured_media":0,"comment_status":"","ping_status":"","sticky":false,"template":"","format":"standard","meta":{"footnotes":""},"categories":[1],"tags":[],"class_list":["post-37329","post","type-post","status-publish","format-standard","hentry","category-sin-categoria"],"_links":{"self":[{"href":"http:\/\/fmdelpueblo.ar\/index.php?rest_route=\/wp\/v2\/posts\/37329","targetHints":{"allow":["GET"]}}],"collection":[{"href":"http:\/\/fmdelpueblo.ar\/index.php?rest_route=\/wp\/v2\/posts"}],"about":[{"href":"http:\/\/fmdelpueblo.ar\/index.php?rest_route=\/wp\/v2\/types\/post"}],"replies":[{"embeddable":true,"href":"http:\/\/fmdelpueblo.ar\/index.php?rest_route=%2Fwp%2Fv2%2Fcomments&post=37329"}],"version-history":[{"count":0,"href":"http:\/\/fmdelpueblo.ar\/index.php?rest_route=\/wp\/v2\/posts\/37329\/revisions"}],"wp:attachment":[{"href":"http:\/\/fmdelpueblo.ar\/index.php?rest_route=%2Fwp%2Fv2%2Fmedia&parent=37329"}],"wp:term":[{"taxonomy":"category","embeddable":true,"href":"http:\/\/fmdelpueblo.ar\/index.php?rest_route=%2Fwp%2Fv2%2Fcategories&post=37329"},{"taxonomy":"post_tag","embeddable":true,"href":"http:\/\/fmdelpueblo.ar\/index.php?rest_route=%2Fwp%2Fv2%2Ftags&post=37329"}],"curies":[{"name":"wp","href":"https:\/\/api.w.org\/{rel}","templated":true}]}}