{"id":37328,"date":"2023-03-02T04:09:26","date_gmt":"2023-03-02T04:09:26","guid":{"rendered":"http:\/\/fmdelpueblo.ar\/?p=37328"},"modified":"2023-03-02T04:09:26","modified_gmt":"2023-03-02T04:09:26","slug":"asi-fue-el-incendio-que-provoco-el-masivo-apagon-mientras-investigan-si-fue-intencional-o-accidental","status":"publish","type":"post","link":"http:\/\/fmdelpueblo.ar\/?p=37328","title":{"rendered":"As\u00ed fue el incendio que provoc\u00f3 el masivo apag\u00f3n, mientras investigan si fue intencional o accidental"},"content":{"rendered":"<\/p>\n<p>Las explicaciones oficiales al corte de electricidad que dej\u00f3 sin luz a 20 millones de personas en todo el pa\u00eds en plena ola de calor. <a href=\"https:\/\/www.perfil.com\/noticias\/actualidad\/asi-fue-incendio-provoco-masivo-apagon-mientras-investigan-si-fue-intencional-o-accidental.phtml\">Leer m\u00e1s<\/a><\/p>\n","protected":false},"excerpt":{"rendered":"<p>Las explicaciones oficiales al corte de electricidad que dej\u00f3 sin luz a 20 millones de personas en todo el pa\u00eds en plena ola de calor. Leer m\u00e1s<\/p>\n","protected":false},"author":0,"featured_media":0,"comment_status":"","ping_status":"","sticky":false,"template":"","format":"standard","meta":{"footnotes":""},"categories":[1],"tags":[],"class_list":["post-37328","post","type-post","status-publish","format-standard","hentry","category-sin-categoria"],"_links":{"self":[{"href":"http:\/\/fmdelpueblo.ar\/index.php?rest_route=\/wp\/v2\/posts\/37328","targetHints":{"allow":["GET"]}}],"collection":[{"href":"http:\/\/fmdelpueblo.ar\/index.php?rest_route=\/wp\/v2\/posts"}],"about":[{"href":"http:\/\/fmdelpueblo.ar\/index.php?rest_route=\/wp\/v2\/types\/post"}],"replies":[{"embeddable":true,"href":"http:\/\/fmdelpueblo.ar\/index.php?rest_route=%2Fwp%2Fv2%2Fcomments&post=37328"}],"version-history":[{"count":0,"href":"http:\/\/fmdelpueblo.ar\/index.php?rest_route=\/wp\/v2\/posts\/37328\/revisions"}],"wp:attachment":[{"href":"http:\/\/fmdelpueblo.ar\/index.php?rest_route=%2Fwp%2Fv2%2Fmedia&parent=37328"}],"wp:term":[{"taxonomy":"category","embeddable":true,"href":"http:\/\/fmdelpueblo.ar\/index.php?rest_route=%2Fwp%2Fv2%2Fcategories&post=37328"},{"taxonomy":"post_tag","embeddable":true,"href":"http:\/\/fmdelpueblo.ar\/index.php?rest_route=%2Fwp%2Fv2%2Ftags&post=37328"}],"curies":[{"name":"wp","href":"https:\/\/api.w.org\/{rel}","templated":true}]}}