{"id":37327,"date":"2023-03-02T02:09:42","date_gmt":"2023-03-02T02:09:42","guid":{"rendered":"http:\/\/fmdelpueblo.ar\/?p=37327"},"modified":"2023-03-02T02:09:42","modified_gmt":"2023-03-02T02:09:42","slug":"carlos-fara-sobre-el-discurso-de-alberto-fernandez-busco-quedar-bien-con-cristina-kirchner","status":"publish","type":"post","link":"http:\/\/fmdelpueblo.ar\/?p=37327","title":{"rendered":"Carlos Fara sobre el discurso de Alberto Fern\u00e1ndez: \u00abBusc\u00f3 quedar bien con Cristina Kirchner\u00bb"},"content":{"rendered":"<\/p>\n<p>\u201cCon este clima es muy dif\u00edcil que el Congreso pueda sesionar en lo que resta del a\u00f1o\u201d, a\u00f1adi\u00f3 el analista pol\u00edtico. <a href=\"https:\/\/www.perfil.com\/noticias\/reperfilar\/carlos-fara-sobre-el-discurso-de-alberto-fernandez-busco-quedar-bien-con-cristina-kirchner.phtml\">Leer m\u00e1s<\/a><\/p>\n","protected":false},"excerpt":{"rendered":"<p>\u201cCon este clima es muy dif\u00edcil que el Congreso pueda sesionar en lo que resta del a\u00f1o\u201d, a\u00f1adi\u00f3 el analista pol\u00edtico. Leer m\u00e1s<\/p>\n","protected":false},"author":0,"featured_media":0,"comment_status":"","ping_status":"","sticky":false,"template":"","format":"standard","meta":{"footnotes":""},"categories":[1],"tags":[],"class_list":["post-37327","post","type-post","status-publish","format-standard","hentry","category-sin-categoria"],"_links":{"self":[{"href":"http:\/\/fmdelpueblo.ar\/index.php?rest_route=\/wp\/v2\/posts\/37327","targetHints":{"allow":["GET"]}}],"collection":[{"href":"http:\/\/fmdelpueblo.ar\/index.php?rest_route=\/wp\/v2\/posts"}],"about":[{"href":"http:\/\/fmdelpueblo.ar\/index.php?rest_route=\/wp\/v2\/types\/post"}],"replies":[{"embeddable":true,"href":"http:\/\/fmdelpueblo.ar\/index.php?rest_route=%2Fwp%2Fv2%2Fcomments&post=37327"}],"version-history":[{"count":0,"href":"http:\/\/fmdelpueblo.ar\/index.php?rest_route=\/wp\/v2\/posts\/37327\/revisions"}],"wp:attachment":[{"href":"http:\/\/fmdelpueblo.ar\/index.php?rest_route=%2Fwp%2Fv2%2Fmedia&parent=37327"}],"wp:term":[{"taxonomy":"category","embeddable":true,"href":"http:\/\/fmdelpueblo.ar\/index.php?rest_route=%2Fwp%2Fv2%2Fcategories&post=37327"},{"taxonomy":"post_tag","embeddable":true,"href":"http:\/\/fmdelpueblo.ar\/index.php?rest_route=%2Fwp%2Fv2%2Ftags&post=37327"}],"curies":[{"name":"wp","href":"https:\/\/api.w.org\/{rel}","templated":true}]}}