{"id":37326,"date":"2023-03-02T02:09:41","date_gmt":"2023-03-02T02:09:41","guid":{"rendered":"http:\/\/fmdelpueblo.ar\/?p=37326"},"modified":"2023-03-02T02:09:41","modified_gmt":"2023-03-02T02:09:41","slug":"apertura-de-sesiones-ordinarias-el-analisis-no-verbal-del-discurso-de-alberto-fernandez","status":"publish","type":"post","link":"http:\/\/fmdelpueblo.ar\/?p=37326","title":{"rendered":"Apertura de sesiones ordinarias: el an\u00e1lisis no verbal del discurso de Alberto Fern\u00e1ndez"},"content":{"rendered":"<\/p>\n<p>\u201cFue un discurso poco feliz y muy aburrido, se vio al presidente vencido buscando obtener un gesto de apoyo de Cristina Kirchner que nunca lleg\u00f3\u201d, dijo Jos\u00e9 Mar\u00eda Sarachaga, experto en comunicaci\u00f3n pol\u00edtica. <a href=\"https:\/\/www.perfil.com\/noticias\/reperfilar\/apertura-de-sesiones-ordinarias-el-analisis-no-verbal-del-discurso-de-alberto-fernandez.phtml\">Leer m\u00e1s<\/a><\/p>\n","protected":false},"excerpt":{"rendered":"<p>\u201cFue un discurso poco feliz y muy aburrido, se vio al presidente vencido buscando obtener un gesto de apoyo de Cristina Kirchner que nunca lleg\u00f3\u201d, dijo Jos\u00e9 Mar\u00eda Sarachaga, experto en comunicaci\u00f3n pol\u00edtica. Leer m\u00e1s<\/p>\n","protected":false},"author":0,"featured_media":0,"comment_status":"","ping_status":"","sticky":false,"template":"","format":"standard","meta":{"footnotes":""},"categories":[1],"tags":[],"class_list":["post-37326","post","type-post","status-publish","format-standard","hentry","category-sin-categoria"],"_links":{"self":[{"href":"http:\/\/fmdelpueblo.ar\/index.php?rest_route=\/wp\/v2\/posts\/37326","targetHints":{"allow":["GET"]}}],"collection":[{"href":"http:\/\/fmdelpueblo.ar\/index.php?rest_route=\/wp\/v2\/posts"}],"about":[{"href":"http:\/\/fmdelpueblo.ar\/index.php?rest_route=\/wp\/v2\/types\/post"}],"replies":[{"embeddable":true,"href":"http:\/\/fmdelpueblo.ar\/index.php?rest_route=%2Fwp%2Fv2%2Fcomments&post=37326"}],"version-history":[{"count":0,"href":"http:\/\/fmdelpueblo.ar\/index.php?rest_route=\/wp\/v2\/posts\/37326\/revisions"}],"wp:attachment":[{"href":"http:\/\/fmdelpueblo.ar\/index.php?rest_route=%2Fwp%2Fv2%2Fmedia&parent=37326"}],"wp:term":[{"taxonomy":"category","embeddable":true,"href":"http:\/\/fmdelpueblo.ar\/index.php?rest_route=%2Fwp%2Fv2%2Fcategories&post=37326"},{"taxonomy":"post_tag","embeddable":true,"href":"http:\/\/fmdelpueblo.ar\/index.php?rest_route=%2Fwp%2Fv2%2Ftags&post=37326"}],"curies":[{"name":"wp","href":"https:\/\/api.w.org\/{rel}","templated":true}]}}