{"id":37325,"date":"2023-03-02T02:09:41","date_gmt":"2023-03-02T02:09:41","guid":{"rendered":"http:\/\/fmdelpueblo.ar\/?p=37325"},"modified":"2023-03-02T02:09:41","modified_gmt":"2023-03-02T02:09:41","slug":"apertura-de-sesiones-ordinarias-a-favor-y-en-contra-que-opinaron-los-politicos-sobre-el-discurso-de-alberto-fernandez","status":"publish","type":"post","link":"http:\/\/fmdelpueblo.ar\/?p=37325","title":{"rendered":"Apertura de Sesiones Ordinarias: a favor y en contra, qu\u00e9 opinaron los pol\u00edticos sobre el discurso de Alberto Fern\u00e1ndez"},"content":{"rendered":"<\/p>\n<p>\u201cEl presidente vive en un pa\u00eds en el que ninguno de nosotros vivimos\u00bb, dijo el diputado Facundo Manes. <a href=\"https:\/\/www.perfil.com\/noticias\/reperfilar\/apertura-de-sesiones-ordinarias-la-opinion-de-los-politicos-sobre-el-discurso-de-alberto-fernandez.phtml\">Leer m\u00e1s<\/a><\/p>\n","protected":false},"excerpt":{"rendered":"<p>\u201cEl presidente vive en un pa\u00eds en el que ninguno de nosotros vivimos\u00bb, dijo el diputado Facundo Manes. Leer m\u00e1s<\/p>\n","protected":false},"author":0,"featured_media":0,"comment_status":"","ping_status":"","sticky":false,"template":"","format":"standard","meta":{"footnotes":""},"categories":[1],"tags":[],"class_list":["post-37325","post","type-post","status-publish","format-standard","hentry","category-sin-categoria"],"_links":{"self":[{"href":"http:\/\/fmdelpueblo.ar\/index.php?rest_route=\/wp\/v2\/posts\/37325","targetHints":{"allow":["GET"]}}],"collection":[{"href":"http:\/\/fmdelpueblo.ar\/index.php?rest_route=\/wp\/v2\/posts"}],"about":[{"href":"http:\/\/fmdelpueblo.ar\/index.php?rest_route=\/wp\/v2\/types\/post"}],"replies":[{"embeddable":true,"href":"http:\/\/fmdelpueblo.ar\/index.php?rest_route=%2Fwp%2Fv2%2Fcomments&post=37325"}],"version-history":[{"count":0,"href":"http:\/\/fmdelpueblo.ar\/index.php?rest_route=\/wp\/v2\/posts\/37325\/revisions"}],"wp:attachment":[{"href":"http:\/\/fmdelpueblo.ar\/index.php?rest_route=%2Fwp%2Fv2%2Fmedia&parent=37325"}],"wp:term":[{"taxonomy":"category","embeddable":true,"href":"http:\/\/fmdelpueblo.ar\/index.php?rest_route=%2Fwp%2Fv2%2Fcategories&post=37325"},{"taxonomy":"post_tag","embeddable":true,"href":"http:\/\/fmdelpueblo.ar\/index.php?rest_route=%2Fwp%2Fv2%2Ftags&post=37325"}],"curies":[{"name":"wp","href":"https:\/\/api.w.org\/{rel}","templated":true}]}}