{"id":37322,"date":"2023-03-02T02:09:39","date_gmt":"2023-03-02T02:09:39","guid":{"rendered":"http:\/\/fmdelpueblo.ar\/?p=37322"},"modified":"2023-03-02T02:09:39","modified_gmt":"2023-03-02T02:09:39","slug":"comienza-a-restablecerse-el-servicio-electrico-tras-el-masivo-apagon-que-afecto-a-20-millones-de-personas","status":"publish","type":"post","link":"http:\/\/fmdelpueblo.ar\/?p=37322","title":{"rendered":"Comienza a restablecerse el servicio el\u00e9ctrico tras el masivo apag\u00f3n que afect\u00f3 a 20 millones de personas"},"content":{"rendered":"<\/p>\n<p>El servicio el\u00e9ctrico empieza lentamente a volver a la normalidad luego de varias horas de corte que afectaron a CABA y 11 provincias. <a href=\"https:\/\/www.perfil.com\/noticias\/actualidad\/comienza-restablecerse-servicio-electrico-tras-masivo-apagon.phtml\">Leer m\u00e1s<\/a><\/p>\n","protected":false},"excerpt":{"rendered":"<p>El servicio el\u00e9ctrico empieza lentamente a volver a la normalidad luego de varias horas de corte que afectaron a CABA y 11 provincias. Leer m\u00e1s<\/p>\n","protected":false},"author":0,"featured_media":0,"comment_status":"","ping_status":"","sticky":false,"template":"","format":"standard","meta":{"footnotes":""},"categories":[1],"tags":[],"class_list":["post-37322","post","type-post","status-publish","format-standard","hentry","category-sin-categoria"],"_links":{"self":[{"href":"http:\/\/fmdelpueblo.ar\/index.php?rest_route=\/wp\/v2\/posts\/37322","targetHints":{"allow":["GET"]}}],"collection":[{"href":"http:\/\/fmdelpueblo.ar\/index.php?rest_route=\/wp\/v2\/posts"}],"about":[{"href":"http:\/\/fmdelpueblo.ar\/index.php?rest_route=\/wp\/v2\/types\/post"}],"replies":[{"embeddable":true,"href":"http:\/\/fmdelpueblo.ar\/index.php?rest_route=%2Fwp%2Fv2%2Fcomments&post=37322"}],"version-history":[{"count":0,"href":"http:\/\/fmdelpueblo.ar\/index.php?rest_route=\/wp\/v2\/posts\/37322\/revisions"}],"wp:attachment":[{"href":"http:\/\/fmdelpueblo.ar\/index.php?rest_route=%2Fwp%2Fv2%2Fmedia&parent=37322"}],"wp:term":[{"taxonomy":"category","embeddable":true,"href":"http:\/\/fmdelpueblo.ar\/index.php?rest_route=%2Fwp%2Fv2%2Fcategories&post=37322"},{"taxonomy":"post_tag","embeddable":true,"href":"http:\/\/fmdelpueblo.ar\/index.php?rest_route=%2Fwp%2Fv2%2Ftags&post=37322"}],"curies":[{"name":"wp","href":"https:\/\/api.w.org\/{rel}","templated":true}]}}