{"id":37320,"date":"2023-03-02T01:09:13","date_gmt":"2023-03-02T01:09:13","guid":{"rendered":"https:\/\/fmdelpueblo.ar\/?p=37320"},"modified":"2023-03-02T01:09:13","modified_gmt":"2023-03-02T01:09:13","slug":"ademas-de-la-celiaquia-existe-una-sensibilidad-al-gluten-en-personas-no-celiacas","status":"publish","type":"post","link":"http:\/\/fmdelpueblo.ar\/?p=37320","title":{"rendered":"Adem\u00e1s de la celiaqu\u00eda, existe una sensibilidad al gluten en personas no cel\u00edacas"},"content":{"rendered":"<\/p>\n<p>Los s\u00edntomas son los mismos en ambos casos y, aunque los estudios y el diagn\u00f3stico den negativos, los pacientes dicen \u201clas harinas me inflaman\u201d.  <a href=\"https:\/\/www.perfil.com\/noticias\/opinion\/ademas-de-la-celiaquia-existe-una-sensibilidad-al-gluten-en-personas-no-celiacas.phtml\">Leer m\u00e1s<\/a><\/p>\n","protected":false},"excerpt":{"rendered":"<p>Los s\u00edntomas son los mismos en ambos casos y, aunque los estudios y el diagn\u00f3stico den negativos, los pacientes dicen \u201clas harinas me inflaman\u201d. Leer m\u00e1s<\/p>\n","protected":false},"author":0,"featured_media":0,"comment_status":"","ping_status":"","sticky":false,"template":"","format":"standard","meta":{"footnotes":""},"categories":[1],"tags":[],"class_list":["post-37320","post","type-post","status-publish","format-standard","hentry","category-sin-categoria"],"_links":{"self":[{"href":"http:\/\/fmdelpueblo.ar\/index.php?rest_route=\/wp\/v2\/posts\/37320","targetHints":{"allow":["GET"]}}],"collection":[{"href":"http:\/\/fmdelpueblo.ar\/index.php?rest_route=\/wp\/v2\/posts"}],"about":[{"href":"http:\/\/fmdelpueblo.ar\/index.php?rest_route=\/wp\/v2\/types\/post"}],"replies":[{"embeddable":true,"href":"http:\/\/fmdelpueblo.ar\/index.php?rest_route=%2Fwp%2Fv2%2Fcomments&post=37320"}],"version-history":[{"count":0,"href":"http:\/\/fmdelpueblo.ar\/index.php?rest_route=\/wp\/v2\/posts\/37320\/revisions"}],"wp:attachment":[{"href":"http:\/\/fmdelpueblo.ar\/index.php?rest_route=%2Fwp%2Fv2%2Fmedia&parent=37320"}],"wp:term":[{"taxonomy":"category","embeddable":true,"href":"http:\/\/fmdelpueblo.ar\/index.php?rest_route=%2Fwp%2Fv2%2Fcategories&post=37320"},{"taxonomy":"post_tag","embeddable":true,"href":"http:\/\/fmdelpueblo.ar\/index.php?rest_route=%2Fwp%2Fv2%2Ftags&post=37320"}],"curies":[{"name":"wp","href":"https:\/\/api.w.org\/{rel}","templated":true}]}}