{"id":37319,"date":"2023-03-02T01:09:13","date_gmt":"2023-03-02T01:09:13","guid":{"rendered":"https:\/\/fmdelpueblo.ar\/?p=37319"},"modified":"2023-03-02T01:09:13","modified_gmt":"2023-03-02T01:09:13","slug":"cual-es-la-opinion-de-la-gente-sobre-la-gestion-de-alberto-fernandez","status":"publish","type":"post","link":"http:\/\/fmdelpueblo.ar\/?p=37319","title":{"rendered":"Cu\u00e1l es la opini\u00f3n de la gente sobre la gesti\u00f3n de Alberto Fern\u00e1ndez"},"content":{"rendered":"<\/p>\n<p>La gente que estaba presente en Plaza del Congreso se expres\u00f3 sobre la gesti\u00f3n del actual mandatario. <a href=\"https:\/\/www.perfil.com\/noticias\/reperfilar\/ano-electoral-cual-es-la-opinion-de-la-gente-sobre-la-gestion-de-alberto-fernandez.phtml\">Leer m\u00e1s<\/a><\/p>\n","protected":false},"excerpt":{"rendered":"<p>La gente que estaba presente en Plaza del Congreso se expres\u00f3 sobre la gesti\u00f3n del actual mandatario. Leer m\u00e1s<\/p>\n","protected":false},"author":0,"featured_media":0,"comment_status":"","ping_status":"","sticky":false,"template":"","format":"standard","meta":{"footnotes":""},"categories":[1],"tags":[],"class_list":["post-37319","post","type-post","status-publish","format-standard","hentry","category-sin-categoria"],"_links":{"self":[{"href":"http:\/\/fmdelpueblo.ar\/index.php?rest_route=\/wp\/v2\/posts\/37319","targetHints":{"allow":["GET"]}}],"collection":[{"href":"http:\/\/fmdelpueblo.ar\/index.php?rest_route=\/wp\/v2\/posts"}],"about":[{"href":"http:\/\/fmdelpueblo.ar\/index.php?rest_route=\/wp\/v2\/types\/post"}],"replies":[{"embeddable":true,"href":"http:\/\/fmdelpueblo.ar\/index.php?rest_route=%2Fwp%2Fv2%2Fcomments&post=37319"}],"version-history":[{"count":0,"href":"http:\/\/fmdelpueblo.ar\/index.php?rest_route=\/wp\/v2\/posts\/37319\/revisions"}],"wp:attachment":[{"href":"http:\/\/fmdelpueblo.ar\/index.php?rest_route=%2Fwp%2Fv2%2Fmedia&parent=37319"}],"wp:term":[{"taxonomy":"category","embeddable":true,"href":"http:\/\/fmdelpueblo.ar\/index.php?rest_route=%2Fwp%2Fv2%2Fcategories&post=37319"},{"taxonomy":"post_tag","embeddable":true,"href":"http:\/\/fmdelpueblo.ar\/index.php?rest_route=%2Fwp%2Fv2%2Ftags&post=37319"}],"curies":[{"name":"wp","href":"https:\/\/api.w.org\/{rel}","templated":true}]}}