{"id":37317,"date":"2023-03-02T00:09:40","date_gmt":"2023-03-02T00:09:40","guid":{"rendered":"http:\/\/fmdelpueblo.ar\/?p=37317"},"modified":"2023-03-02T00:09:40","modified_gmt":"2023-03-02T00:09:40","slug":"tras-el-apagon-masivo-axel-kicillof-cancelo-la-apertura-de-sesiones-de-la-legislatura-bonaerense","status":"publish","type":"post","link":"http:\/\/fmdelpueblo.ar\/?p=37317","title":{"rendered":"Tras el apag\u00f3n masivo, Axel Kicillof cancel\u00f3 la apertura de sesiones de la Legislatura bonaerense"},"content":{"rendered":"<\/p>\n<p>Tras una reuni\u00f3n de Gabinete, el gobernador resolvi\u00f3 suspender su discurso y la Asamblea. Seg\u00fan autoridades, \u00abse definir\u00e1 una nueva fecha junto con los bloques de la oposici\u00f3n\u00bb. <a href=\"https:\/\/www.perfil.com\/noticias\/politica\/tras-el-apagon-masivo-axel-kicillof-cancelo-la-apertura-de-sesiones-legislativas-en-el-congreso-bonaerense.phtml\">Leer m\u00e1s<\/a><\/p>\n","protected":false},"excerpt":{"rendered":"<p>Tras una reuni\u00f3n de Gabinete, el gobernador resolvi\u00f3 suspender su discurso y la Asamblea. Seg\u00fan autoridades, \u00abse definir\u00e1 una nueva fecha junto con los bloques de la oposici\u00f3n\u00bb. Leer m\u00e1s<\/p>\n","protected":false},"author":0,"featured_media":0,"comment_status":"","ping_status":"","sticky":false,"template":"","format":"standard","meta":{"footnotes":""},"categories":[1],"tags":[],"class_list":["post-37317","post","type-post","status-publish","format-standard","hentry","category-sin-categoria"],"_links":{"self":[{"href":"http:\/\/fmdelpueblo.ar\/index.php?rest_route=\/wp\/v2\/posts\/37317","targetHints":{"allow":["GET"]}}],"collection":[{"href":"http:\/\/fmdelpueblo.ar\/index.php?rest_route=\/wp\/v2\/posts"}],"about":[{"href":"http:\/\/fmdelpueblo.ar\/index.php?rest_route=\/wp\/v2\/types\/post"}],"replies":[{"embeddable":true,"href":"http:\/\/fmdelpueblo.ar\/index.php?rest_route=%2Fwp%2Fv2%2Fcomments&post=37317"}],"version-history":[{"count":0,"href":"http:\/\/fmdelpueblo.ar\/index.php?rest_route=\/wp\/v2\/posts\/37317\/revisions"}],"wp:attachment":[{"href":"http:\/\/fmdelpueblo.ar\/index.php?rest_route=%2Fwp%2Fv2%2Fmedia&parent=37317"}],"wp:term":[{"taxonomy":"category","embeddable":true,"href":"http:\/\/fmdelpueblo.ar\/index.php?rest_route=%2Fwp%2Fv2%2Fcategories&post=37317"},{"taxonomy":"post_tag","embeddable":true,"href":"http:\/\/fmdelpueblo.ar\/index.php?rest_route=%2Fwp%2Fv2%2Ftags&post=37317"}],"curies":[{"name":"wp","href":"https:\/\/api.w.org\/{rel}","templated":true}]}}