{"id":37316,"date":"2023-03-02T00:09:39","date_gmt":"2023-03-02T00:09:39","guid":{"rendered":"http:\/\/fmdelpueblo.ar\/?p=37316"},"modified":"2023-03-02T00:09:39","modified_gmt":"2023-03-02T00:09:39","slug":"una-medica-murio-dias-antes-de-que-se-la-mencionara-como-la-obstetra-de-la-pareja-de-putin","status":"publish","type":"post","link":"http:\/\/fmdelpueblo.ar\/?p=37316","title":{"rendered":"Una m\u00e9dica muri\u00f3 d\u00edas antes de que se la mencionara como la obstetra de la pareja de Putin"},"content":{"rendered":"<\/p>\n<p>Natalia Thiebaud Kondratieva, de 63 a\u00f1os, muri\u00f3 poco antes de que se conociera informaci\u00f3n sobre su presunta participaci\u00f3n en dos partos de Alina Kabaeva, fruto de la relaci\u00f3n \u00absecreta\u00bb con el presidente ruso. <a href=\"https:\/\/www.perfil.com\/noticias\/internacional\/rusia-murio-una-medica-dias-antes-de-que-se-la-mencionara-como-la-obstetra-de-la-pareja-de-vladimir-putin.phtml\">Leer m\u00e1s<\/a><\/p>\n","protected":false},"excerpt":{"rendered":"<p>Natalia Thiebaud Kondratieva, de 63 a\u00f1os, muri\u00f3 poco antes de que se conociera informaci\u00f3n sobre su presunta participaci\u00f3n en dos partos de Alina Kabaeva, fruto de la relaci\u00f3n \u00absecreta\u00bb con el presidente ruso. Leer m\u00e1s<\/p>\n","protected":false},"author":0,"featured_media":0,"comment_status":"","ping_status":"","sticky":false,"template":"","format":"standard","meta":{"footnotes":""},"categories":[1],"tags":[],"class_list":["post-37316","post","type-post","status-publish","format-standard","hentry","category-sin-categoria"],"_links":{"self":[{"href":"http:\/\/fmdelpueblo.ar\/index.php?rest_route=\/wp\/v2\/posts\/37316","targetHints":{"allow":["GET"]}}],"collection":[{"href":"http:\/\/fmdelpueblo.ar\/index.php?rest_route=\/wp\/v2\/posts"}],"about":[{"href":"http:\/\/fmdelpueblo.ar\/index.php?rest_route=\/wp\/v2\/types\/post"}],"replies":[{"embeddable":true,"href":"http:\/\/fmdelpueblo.ar\/index.php?rest_route=%2Fwp%2Fv2%2Fcomments&post=37316"}],"version-history":[{"count":0,"href":"http:\/\/fmdelpueblo.ar\/index.php?rest_route=\/wp\/v2\/posts\/37316\/revisions"}],"wp:attachment":[{"href":"http:\/\/fmdelpueblo.ar\/index.php?rest_route=%2Fwp%2Fv2%2Fmedia&parent=37316"}],"wp:term":[{"taxonomy":"category","embeddable":true,"href":"http:\/\/fmdelpueblo.ar\/index.php?rest_route=%2Fwp%2Fv2%2Fcategories&post=37316"},{"taxonomy":"post_tag","embeddable":true,"href":"http:\/\/fmdelpueblo.ar\/index.php?rest_route=%2Fwp%2Fv2%2Ftags&post=37316"}],"curies":[{"name":"wp","href":"https:\/\/api.w.org\/{rel}","templated":true}]}}