{"id":37315,"date":"2023-03-02T00:09:39","date_gmt":"2023-03-02T00:09:39","guid":{"rendered":"http:\/\/fmdelpueblo.ar\/?p=37315"},"modified":"2023-03-02T00:09:39","modified_gmt":"2023-03-02T00:09:39","slug":"corte-de-luz-masivo-el-gobierno-cree-que-fue-intencional-y-pidio-que-la-justicia-lo-investigue","status":"publish","type":"post","link":"http:\/\/fmdelpueblo.ar\/?p=37315","title":{"rendered":"Corte de luz masivo: el Gobierno cree que fue intencional y pidi\u00f3 que la Justicia lo investigue"},"content":{"rendered":"<\/p>\n<p>El ministro de Econom\u00eda, Sergio Massa realiz\u00f3 una solicitud ante el Juzgado Federal de Primera Instancia de Campana <a href=\"https:\/\/www.perfil.com\/noticias\/economia\/apagon-masivo-el-gobierno-quiere-que-se-investigue-por-considerarlo-intencional.phtml\">Leer m\u00e1s<\/a><\/p>\n","protected":false},"excerpt":{"rendered":"<p>El ministro de Econom\u00eda, Sergio Massa realiz\u00f3 una solicitud ante el Juzgado Federal de Primera Instancia de Campana Leer m\u00e1s<\/p>\n","protected":false},"author":0,"featured_media":0,"comment_status":"","ping_status":"","sticky":false,"template":"","format":"standard","meta":{"footnotes":""},"categories":[1],"tags":[],"class_list":["post-37315","post","type-post","status-publish","format-standard","hentry","category-sin-categoria"],"_links":{"self":[{"href":"http:\/\/fmdelpueblo.ar\/index.php?rest_route=\/wp\/v2\/posts\/37315","targetHints":{"allow":["GET"]}}],"collection":[{"href":"http:\/\/fmdelpueblo.ar\/index.php?rest_route=\/wp\/v2\/posts"}],"about":[{"href":"http:\/\/fmdelpueblo.ar\/index.php?rest_route=\/wp\/v2\/types\/post"}],"replies":[{"embeddable":true,"href":"http:\/\/fmdelpueblo.ar\/index.php?rest_route=%2Fwp%2Fv2%2Fcomments&post=37315"}],"version-history":[{"count":0,"href":"http:\/\/fmdelpueblo.ar\/index.php?rest_route=\/wp\/v2\/posts\/37315\/revisions"}],"wp:attachment":[{"href":"http:\/\/fmdelpueblo.ar\/index.php?rest_route=%2Fwp%2Fv2%2Fmedia&parent=37315"}],"wp:term":[{"taxonomy":"category","embeddable":true,"href":"http:\/\/fmdelpueblo.ar\/index.php?rest_route=%2Fwp%2Fv2%2Fcategories&post=37315"},{"taxonomy":"post_tag","embeddable":true,"href":"http:\/\/fmdelpueblo.ar\/index.php?rest_route=%2Fwp%2Fv2%2Ftags&post=37315"}],"curies":[{"name":"wp","href":"https:\/\/api.w.org\/{rel}","templated":true}]}}