{"id":37313,"date":"2023-03-02T00:09:38","date_gmt":"2023-03-02T00:09:38","guid":{"rendered":"http:\/\/fmdelpueblo.ar\/?p=37313"},"modified":"2023-03-02T00:09:38","modified_gmt":"2023-03-02T00:09:38","slug":"martin-tetaz-sobre-el-discurso-de-alberto-fernandez-en-el-congreso-fue-de-clausura-y-de-fin-de-mandato","status":"publish","type":"post","link":"http:\/\/fmdelpueblo.ar\/?p=37313","title":{"rendered":"Mart\u00edn Tetaz sobre el discurso de Alberto Fern\u00e1ndez en el Congreso: \u00abFue de clausura y de fin de mandato\u00bb"},"content":{"rendered":"<\/p>\n<p>\u201cEl presidente atent\u00f3 contra la divisi\u00f3n de poderes, no esper\u00e1bamos esto\u201d, complet\u00f3 el legislador de Juntos por el Cambio. <a href=\"https:\/\/www.perfil.com\/noticias\/reperfilar\/martin-tetaz-sobre-el-discurso-de-apertura-de-alberto-fernandez-le-conte-27-mentiras.phtml\">Leer m\u00e1s<\/a><\/p>\n","protected":false},"excerpt":{"rendered":"<p>\u201cEl presidente atent\u00f3 contra la divisi\u00f3n de poderes, no esper\u00e1bamos esto\u201d, complet\u00f3 el legislador de Juntos por el Cambio. Leer m\u00e1s<\/p>\n","protected":false},"author":0,"featured_media":0,"comment_status":"","ping_status":"","sticky":false,"template":"","format":"standard","meta":{"footnotes":""},"categories":[1],"tags":[],"class_list":["post-37313","post","type-post","status-publish","format-standard","hentry","category-sin-categoria"],"_links":{"self":[{"href":"http:\/\/fmdelpueblo.ar\/index.php?rest_route=\/wp\/v2\/posts\/37313","targetHints":{"allow":["GET"]}}],"collection":[{"href":"http:\/\/fmdelpueblo.ar\/index.php?rest_route=\/wp\/v2\/posts"}],"about":[{"href":"http:\/\/fmdelpueblo.ar\/index.php?rest_route=\/wp\/v2\/types\/post"}],"replies":[{"embeddable":true,"href":"http:\/\/fmdelpueblo.ar\/index.php?rest_route=%2Fwp%2Fv2%2Fcomments&post=37313"}],"version-history":[{"count":0,"href":"http:\/\/fmdelpueblo.ar\/index.php?rest_route=\/wp\/v2\/posts\/37313\/revisions"}],"wp:attachment":[{"href":"http:\/\/fmdelpueblo.ar\/index.php?rest_route=%2Fwp%2Fv2%2Fmedia&parent=37313"}],"wp:term":[{"taxonomy":"category","embeddable":true,"href":"http:\/\/fmdelpueblo.ar\/index.php?rest_route=%2Fwp%2Fv2%2Fcategories&post=37313"},{"taxonomy":"post_tag","embeddable":true,"href":"http:\/\/fmdelpueblo.ar\/index.php?rest_route=%2Fwp%2Fv2%2Ftags&post=37313"}],"curies":[{"name":"wp","href":"https:\/\/api.w.org\/{rel}","templated":true}]}}