{"id":37311,"date":"2023-03-01T23:08:58","date_gmt":"2023-03-01T23:08:58","guid":{"rendered":"https:\/\/fmdelpueblo.ar\/?p=37311"},"modified":"2023-03-01T23:08:58","modified_gmt":"2023-03-01T23:08:58","slug":"domingo-cavallo-el-riesgo-de-un-rodrigazo-no-ha-desaparecido","status":"publish","type":"post","link":"http:\/\/fmdelpueblo.ar\/?p=37311","title":{"rendered":"Domingo Cavallo: \u00abEl riesgo de un &#8216;Rodrigazo&#8217; no ha desaparecido\u00bb"},"content":{"rendered":"<\/p>\n<p>El ex ministro de Econom\u00eda se refiri\u00f3 a las tensiones del tipo de cambio y el gasto p\u00fablico. <a href=\"https:\/\/www.perfil.com\/noticias\/economia\/domingo-cavallo-el-riesgo-de-un-rodrigazo-no-ha-desaparecido.phtml\">Leer m\u00e1s<\/a><\/p>\n","protected":false},"excerpt":{"rendered":"<p>El ex ministro de Econom\u00eda se refiri\u00f3 a las tensiones del tipo de cambio y el gasto p\u00fablico. Leer m\u00e1s<\/p>\n","protected":false},"author":0,"featured_media":0,"comment_status":"","ping_status":"","sticky":false,"template":"","format":"standard","meta":{"footnotes":""},"categories":[1],"tags":[],"class_list":["post-37311","post","type-post","status-publish","format-standard","hentry","category-sin-categoria"],"_links":{"self":[{"href":"http:\/\/fmdelpueblo.ar\/index.php?rest_route=\/wp\/v2\/posts\/37311","targetHints":{"allow":["GET"]}}],"collection":[{"href":"http:\/\/fmdelpueblo.ar\/index.php?rest_route=\/wp\/v2\/posts"}],"about":[{"href":"http:\/\/fmdelpueblo.ar\/index.php?rest_route=\/wp\/v2\/types\/post"}],"replies":[{"embeddable":true,"href":"http:\/\/fmdelpueblo.ar\/index.php?rest_route=%2Fwp%2Fv2%2Fcomments&post=37311"}],"version-history":[{"count":0,"href":"http:\/\/fmdelpueblo.ar\/index.php?rest_route=\/wp\/v2\/posts\/37311\/revisions"}],"wp:attachment":[{"href":"http:\/\/fmdelpueblo.ar\/index.php?rest_route=%2Fwp%2Fv2%2Fmedia&parent=37311"}],"wp:term":[{"taxonomy":"category","embeddable":true,"href":"http:\/\/fmdelpueblo.ar\/index.php?rest_route=%2Fwp%2Fv2%2Fcategories&post=37311"},{"taxonomy":"post_tag","embeddable":true,"href":"http:\/\/fmdelpueblo.ar\/index.php?rest_route=%2Fwp%2Fv2%2Ftags&post=37311"}],"curies":[{"name":"wp","href":"https:\/\/api.w.org\/{rel}","templated":true}]}}